{"id":71976,"date":"2019-04-22T13:35:45","date_gmt":"2019-04-22T18:35:45","guid":{"rendered":"http:\/\/formalprision.com\/?p=71976"},"modified":"2019-04-22T13:56:44","modified_gmt":"2019-04-22T18:56:44","slug":"mauricio-vila-repite-como-el-mejor-gobernador-del-pais","status":"publish","type":"post","link":"https:\/\/formalprision.com\/?p=71976","title":{"rendered":"Mauricio Vila repite como el mejor gobernador del pa\u00eds"},"content":{"rendered":"\n<p>La empresa Massive Caller difundi\u00f3 resultados de su \u00faltima encuesta sobre el desempe\u00f1o de los gobernadores del pa\u00eds, siendo que el de Yucat\u00e1n, Mauricio Vila, est\u00e1 a la cabeza en lo que a aprobaci\u00f3n se refiere.<\/p>\n\n\n\n<p>Tiene el 60.2% de aprobaci\u00f3n, contra el 53.9 del segundo lugar, el gobernador de Sinaloa, Quiribo Ordaz. En el tercer lugar est\u00e1 la pri\u00edsta Claudia Pavlovich, gobernadora de Sonora, con 53.7.<\/p>\n\n\n\n<p>El gobernador de Yucat\u00e1n repite en el primer lugar en relaci\u00f3n a la encuesta anterior. De hecho, se ha mantenido en la primera posici\u00f3n desde que asumi\u00f3 el cargo a finales del a\u00f1o pasado.<\/p>\n\n\n\n<p>En el caso de Yucat\u00e1n, 18.2% de los encuestados dijeron que la inseguridad es el problema principal, lo que  ubica al estado como el m\u00e1s seguro en opini\u00f3n de sus habitantes. <\/p>\n\n\n\n<p>Esto cobra relevancia si se toma en cuenta que sus vecinos, los quintanarroense dijeron ser los m\u00e1s inseguros, con un 68.4%.<\/p>\n\n\n\n<p>Asimismo, Mauricio Vila tambi\u00e9n destaca como el gobernador de la entidad con menor porcentaje de mal gobierno, pues solamente el 4.8% de los encuestados cree que el yucateco es mal gobernante. El peor, seg\u00fan esta encuesta, es el de Nuevo Le\u00f3n, Jaume Rodr\u00edguez \u00abEl Bronco\u00bb<\/p>\n\n\n\n<figure class=\"wp-block-image\"><img loading=\"lazy\" decoding=\"async\" width=\"1024\" height=\"768\" src=\"http:\/\/formalprision.com\/wp-content\/uploads\/2019\/04\/IMG_3780-1-1024x768.png\" alt=\"\" class=\"wp-image-71983\" srcset=\"https:\/\/formalprision.com\/wp-content\/uploads\/2019\/04\/IMG_3780-1-1024x768.png 1024w, https:\/\/formalprision.com\/wp-content\/uploads\/2019\/04\/IMG_3780-1-300x225.png 300w, https:\/\/formalprision.com\/wp-content\/uploads\/2019\/04\/IMG_3780-1-768x576.png 768w, https:\/\/formalprision.com\/wp-content\/uploads\/2019\/04\/IMG_3780-1.png 2000w\" sizes=\"auto, (max-width: 1024px) 100vw, 1024px\" \/><\/figure>\n\n\n\n<p>Los yucatecos creen que el principal problema de su estado es el desempleo y la pobreza, pues as\u00ed lo manifestaron el 39.3% de los encuestados, cifra solo menor a los 43.3% expresada por los oaxaque\u00f1os, cuya entidad es la primera en lo que a pobreza y desempleo se refiere.<\/p>\n","protected":false},"excerpt":{"rendered":"<p>La empresa Massive Caller difundi\u00f3 resultados de su \u00faltima encuesta sobre el desempe\u00f1o de los gobernadores del pa\u00eds, siendo que el de Yucat\u00e1n, Mauricio Vila, est\u00e1 a la cabeza en<\/p>\n","protected":false},"author":1,"featured_media":71977,"comment_status":"open","ping_status":"open","sticky":false,"template":"","format":"standard","meta":{"jetpack_post_was_ever_published":false,"_jetpack_newsletter_access":"","_jetpack_dont_email_post_to_subs":false,"_jetpack_newsletter_tier_id":0,"_jetpack_memberships_contains_paywalled_content":false,"_jetpack_memberships_contains_paid_content":false,"footnotes":"","jetpack_publicize_message":"","jetpack_publicize_feature_enabled":true,"jetpack_social_post_already_shared":true,"jetpack_social_options":{"image_generator_settings":{"template":"highway","default_image_id":0,"font":"","enabled":false},"version":2}},"categories":[54],"tags":[],"class_list":["post-71976","post","type-post","status-publish","format-standard","has-post-thumbnail","hentry","category-yucatan"],"jetpack_publicize_connections":[],"jetpack_featured_media_url":"https:\/\/formalprision.com\/wp-content\/uploads\/2019\/04\/IMG_3775-e1555958094525.png","jetpack_sharing_enabled":true,"jetpack_shortlink":"https:\/\/wp.me\/p6id8p-iIU","_links":{"self":[{"href":"https:\/\/formalprision.com\/index.php?rest_route=\/wp\/v2\/posts\/71976","targetHints":{"allow":["GET"]}}],"collection":[{"href":"https:\/\/formalprision.com\/index.php?rest_route=\/wp\/v2\/posts"}],"about":[{"href":"https:\/\/formalprision.com\/index.php?rest_route=\/wp\/v2\/types\/post"}],"author":[{"embeddable":true,"href":"https:\/\/formalprision.com\/index.php?rest_route=\/wp\/v2\/users\/1"}],"replies":[{"embeddable":true,"href":"https:\/\/formalprision.com\/index.php?rest_route=%2Fwp%2Fv2%2Fcomments&post=71976"}],"version-history":[{"count":0,"href":"https:\/\/formalprision.com\/index.php?rest_route=\/wp\/v2\/posts\/71976\/revisions"}],"wp:featuredmedia":[{"embeddable":true,"href":"https:\/\/formalprision.com\/index.php?rest_route=\/wp\/v2\/media\/71977"}],"wp:attachment":[{"href":"https:\/\/formalprision.com\/index.php?rest_route=%2Fwp%2Fv2%2Fmedia&parent=71976"}],"wp:term":[{"taxonomy":"category","embeddable":true,"href":"https:\/\/formalprision.com\/index.php?rest_route=%2Fwp%2Fv2%2Fcategories&post=71976"},{"taxonomy":"post_tag","embeddable":true,"href":"https:\/\/formalprision.com\/index.php?rest_route=%2Fwp%2Fv2%2Ftags&post=71976"}],"curies":[{"name":"wp","href":"https:\/\/api.w.org\/{rel}","templated":true}]}}