{"id":71996,"date":"2019-04-22T18:53:35","date_gmt":"2019-04-22T23:53:35","guid":{"rendered":"http:\/\/formalprision.com\/?p=71996"},"modified":"2019-04-22T18:53:41","modified_gmt":"2019-04-22T23:53:41","slug":"yucatan-redobla-esfuerzos-para-combatir-incendios-forestales","status":"publish","type":"post","link":"https:\/\/formalprision.com\/?p=71996","title":{"rendered":"Yucat\u00e1n redobla esfuerzos para combatir incendios forestales"},"content":{"rendered":"\n<p>M\u00e9rida, Yucat\u00e1n, 22 de abril de 2019.- Por primera vez, como producto de la colaboraci\u00f3n institucional con instancias mexicanas y del extranjero, en Yucat\u00e1n se instal\u00f3 el Equipo Nacional de Manejo de Incidentes (ENMI), con el objetivo de trabajar de manera conjunta y compartir ideas en el desarrollo de planes m\u00e1s eficaces de combate al fuego.<\/p>\n\n\n\n<p>En esta activaci\u00f3n particip\u00f3 personal de los Gobiernos estatal y federal, as\u00ed como del Servicio Forestal de Estados Unidos (USFS, por sus siglas en ingl\u00e9s), que durante dos semanas intensas estar\u00e1 en situaciones reales para prevenir y resolver emergencias que se presenten en el estado y en el pa\u00eds.<\/p>\n\n\n\n<p>\u201cPara nosotros es muy importante ser la sede de estos trabajos que, durante casi dos semanas, se vendr\u00e1n realizando de manera muy intensa\u201d, expres\u00f3 en la bienvenida el director de Desarrollo Rural de la Secretar\u00eda de Desarrollo Rural (Seder), Manuel Bolio Garc\u00eda, acompa\u00f1ado de la titular de la Secretar\u00eda de Desarrollo Sustentable (SDS), Sayda Rodr\u00edguez G\u00f3mez.<\/p>\n\n\n\n<p>En ese sentido, explic\u00f3 que para el Gobernador Mauricio Vila Dosal la uni\u00f3n de  esfuerzos es esencial porque en ella se fortalecen las capacidades t\u00e9cnicas, operativas y organizacionales en busca de un bien com\u00fan: la seguridad de la poblaci\u00f3n y el patrimonio familiar de quienes intervienen en el combate de incendios.<\/p>\n\n\n\n<p>En representaci\u00f3n del titular de la Seder, Jorge D\u00edaz Loeza, el funcionario coment\u00f3 que en la primera fase del programa se realizar\u00e1 el an\u00e1lisis de la situaci\u00f3n y pron\u00f3stico de incendios forestales en Quintana Roo, Campeche, Tabasco, Chiapas y Yucat\u00e1n, lo cual dar\u00e1 como resultado el definir la entidad que operar\u00e1 el ENMI.<\/p>\n\n\n\n<p>Destac\u00f3 tambi\u00e9n que, desde la instalaci\u00f3n del Comit\u00e9 Estatal de Prevenci\u00f3n y Combate de Incendios Agropecuarios y Forestales 2019, se ha estado al pendiente de los sucesos tanto en prevenci\u00f3n como en el combate.<\/p>\n\n\n\n<p>Por \u00faltimo, ante el titular de la Coordinaci\u00f3n Estatal de Protecci\u00f3n Civil (Procivy), Enrique Alcocer Basto, asegur\u00f3 que como fruto de este importante evento, se fortalecer\u00e1 la capacidad de respuesta entre las instituciones responsables de apaciguar los incendios forestales en lo estatal regional y nacional.<\/p>\n\n\n\n<p>Ante la situaci\u00f3n de los \u00faltimos a\u00f1os, en la que se ha dado sucesos cr\u00edticos tanto a nivel nacional como el extranjero, se asumi\u00f3 la necesidad de tener mayor entrenamiento y capacitaci\u00f3n en la atenci\u00f3n de estos siniestros, pensando en la seguridad del personal, subray\u00f3 el gerente Nacional de Manejo de Fuego de la Comisi\u00f3n Nacional Forestal (Conafor), Eduardo Cruz Casta\u00f1eda.<\/p>\n\n\n\n<p>Al dar detalles, se\u00f1al\u00f3 que durante varios d\u00edas el Equipo atender\u00e1 en tiempo real los incendios, con el adecuado asesoramiento del USFS. Al respecto, el representante del Comando Norte de Estados Unidos (Northcom), \u00d3scar Mendizabal, resalt\u00f3 el trabajo entre ambos pa\u00edses y reconoci\u00f3 que esta labor es dif\u00edcil, pero que gracias a su participaci\u00f3n y desempe\u00f1o la ciudadan\u00eda podr\u00e1 estar m\u00e1s tranquila y a salvo.<\/p>\n\n\n\n<p>Por su parte, a nombre de la USFS, Isidoro Sol\u00eds habl\u00f3 sobre su encomienda y las acciones a realizar en el estado, que buscan, en su momento, contar con el apoyo de M\u00e9xico en caso de alguna emergencia que se presente con el vecino pa\u00eds. Para nosotros M\u00e9xico es un aliado muy importante para combatir los incendios, subray\u00f3.<\/p>\n\n\n\n<p>Para finalizar, el encargado legal de la Conafor en Yucat\u00e1n, Gonzalo Novelo Quijano, hizo \u00e9nfasis en que los recursos tanto materiales como financieros son importantes para esta tarea, sin embargo, puntualiz\u00f3 que nada ser\u00eda m\u00e1s eficiente ni tendr\u00eda el mismo impacto si no se desarrollan las capacidades de las personas que se dedican a este trabajo.<\/p>\n\n\n\n<p>A la reuni\u00f3n, adem\u00e1s de las autoridades citadas, asisti\u00f3 el capit\u00e1n de Fragata Luis Miguel Catz\u00edn Quintal, en representaci\u00f3n de la IX zona Naval, y el coronel Jaime Enrique F\u00e9lix Jim\u00e9nez, comandante del S\u00e9ptimo Batall\u00f3n de Ingenieros de Combate de la Secretar\u00eda de la Defensa Nacional (Sedena).<\/p>\n\n\n\n<p>Tambi\u00e9n acudi\u00f3 el jefe del Centro Regional Sureste del Manejo del Fuego de la Conafor, P\u00e1nfilo Fern\u00e1ndez Flores, y el director de Siniestros y Rescates, comandante Santiago Massa Ramos,  as\u00ed como Carlos Rej\u00f3n, del Instituto de Infraestructura Carretera de Yucat\u00e1n (Incay), adem\u00e1s de integrantes del USFS y del ENMI de M\u00e9xico. (Comunicado de Prensa)<\/p>\n","protected":false},"excerpt":{"rendered":"<p>M\u00e9rida, Yucat\u00e1n, 22 de abril de 2019.- Por primera vez, como producto de la colaboraci\u00f3n institucional con instancias mexicanas y del extranjero, en Yucat\u00e1n se instal\u00f3 el Equipo Nacional de<\/p>\n","protected":false},"author":1,"featured_media":71997,"comment_status":"open","ping_status":"open","sticky":false,"template":"","format":"standard","meta":{"jetpack_post_was_ever_published":false,"_jetpack_newsletter_access":"","_jetpack_dont_email_post_to_subs":false,"_jetpack_newsletter_tier_id":0,"_jetpack_memberships_contains_paywalled_content":false,"_jetpack_memberships_contains_paid_content":false,"footnotes":"","jetpack_publicize_message":"","jetpack_publicize_feature_enabled":true,"jetpack_social_post_already_shared":true,"jetpack_social_options":{"image_generator_settings":{"template":"highway","default_image_id":0,"font":"","enabled":false},"version":2}},"categories":[14],"tags":[],"class_list":["post-71996","post","type-post","status-publish","format-standard","has-post-thumbnail","hentry","category-merida"],"jetpack_publicize_connections":[],"jetpack_featured_media_url":"https:\/\/formalprision.com\/wp-content\/uploads\/2019\/04\/IMG_3787.jpg","jetpack_sharing_enabled":true,"jetpack_shortlink":"https:\/\/wp.me\/p6id8p-iJe","_links":{"self":[{"href":"https:\/\/formalprision.com\/index.php?rest_route=\/wp\/v2\/posts\/71996","targetHints":{"allow":["GET"]}}],"collection":[{"href":"https:\/\/formalprision.com\/index.php?rest_route=\/wp\/v2\/posts"}],"about":[{"href":"https:\/\/formalprision.com\/index.php?rest_route=\/wp\/v2\/types\/post"}],"author":[{"embeddable":true,"href":"https:\/\/formalprision.com\/index.php?rest_route=\/wp\/v2\/users\/1"}],"replies":[{"embeddable":true,"href":"https:\/\/formalprision.com\/index.php?rest_route=%2Fwp%2Fv2%2Fcomments&post=71996"}],"version-history":[{"count":0,"href":"https:\/\/formalprision.com\/index.php?rest_route=\/wp\/v2\/posts\/71996\/revisions"}],"wp:featuredmedia":[{"embeddable":true,"href":"https:\/\/formalprision.com\/index.php?rest_route=\/wp\/v2\/media\/71997"}],"wp:attachment":[{"href":"https:\/\/formalprision.com\/index.php?rest_route=%2Fwp%2Fv2%2Fmedia&parent=71996"}],"wp:term":[{"taxonomy":"category","embeddable":true,"href":"https:\/\/formalprision.com\/index.php?rest_route=%2Fwp%2Fv2%2Fcategories&post=71996"},{"taxonomy":"post_tag","embeddable":true,"href":"https:\/\/formalprision.com\/index.php?rest_route=%2Fwp%2Fv2%2Ftags&post=71996"}],"curies":[{"name":"wp","href":"https:\/\/api.w.org\/{rel}","templated":true}]}}