{"id":72009,"date":"2019-04-23T09:51:16","date_gmt":"2019-04-23T14:51:16","guid":{"rendered":"http:\/\/formalprision.com\/?p=72009"},"modified":"2019-04-24T17:43:19","modified_gmt":"2019-04-24T22:43:19","slug":"la-fiscalia-pide-pena-maxima-contra-medina-sonda","status":"publish","type":"post","link":"https:\/\/formalprision.com\/?p=72009","title":{"rendered":"La Fiscal\u00eda pide pena m\u00e1xima contra Medina Sonda"},"content":{"rendered":"\n<p>Luego de que un juez desechara la solicitud de una nueva pr\u00f3rroga en el proceso que se sigue contra el empresario tabasque\u00f1o Mart\u00edn Alberto Medina Sonda por la muerte de su esposa, la Fiscal\u00eda estatal pidi\u00f3 que se le aplique la condena m\u00e1xima por el delito de feminicidio agravado, que se castiga con pena de c\u00e1rcel que va de los 30 a 50 a\u00f1os.<\/p>\n\n\n\n<p>Para ello present\u00f3 48 testimoniales, 15 periciales, 74 documentales, 33 evidencias f\u00edsicas de se\u00f1alamiento de prueba anticipada y el testimonio de Rogelio C\u00e9sar Reyes Barrueta (a) \u201cEl Huero\u201d, ex chofer de Medina Sonda, mismo que lo ha incriminado directamente en el asesinato de la la se\u00f1ora Emma Gabriela Molina Canto.<\/p>\n\n\n\n<p>Tambi\u00e9n pidi\u00f3 que al empresario se le condene a la reparaci\u00f3n del da\u00f1os y perjuicios ocasionados, es decir, que pague 8 millones 586 mil pesos a las v\u00edctimas indirectas, adem\u00e1s de los gastos funerarios por 24,758 pesos.<\/p>\n\n\n\n<p>Asimismo, que se le amoneste p\u00fablicamente; suspendan sus derechos pol\u00edticos; nieguen los beneficios de sustituci\u00f3n de sanciones y condena condicional.<\/p>\n\n\n\n<p>Por su parte, la defensa ofreci\u00f3 tres testimoniales de \u00faltimo momento (de un ex director del penal de Tabasco donde se encuentra recluido el inculpado, un ex interno y un jefe de vigilancia del reclusorio) e inmediatamente corri\u00f3 traslado a la Fiscal\u00eda, los abogados de las v\u00edctimas indirectas y a la madre de Emma Gabriela, la se\u00f1ora Ligia Canto Lugo.<\/p>\n\n\n\n<p>Estos se desahogar\u00e1n durante el juicio oral, cuya fecha de inicio se definir\u00e1 en un mes, una vez que se emita veredicto en el amparo que solicit\u00f3 la defensa del tabasque\u00f1o.<\/p>\n\n\n\n<p>Como informamos, ayer el juez Luis Edwin Mugarte Guerrero decret\u00f3 el auto de apertura a juicio oral, ello luego de desechar la solicitud de una nueva pr\u00f3rroga en el proceso que se le sigue a Medina Sonda.<\/p>\n\n\n\n<p>El juez consider\u00f3 que ya se hab\u00eda extinguido el plazo para las pruebas que pretend\u00eda imponer la defensa, pues las ofrecieron el 10 de mayo del 2018, de manera que consider\u00f3 que estaban haciendo tiempo.<\/p>\n","protected":false},"excerpt":{"rendered":"<p>Luego de que un juez desechara la solicitud de una nueva pr\u00f3rroga en el proceso que se sigue contra el empresario tabasque\u00f1o Mart\u00edn Alberto Medina Sonda por la muerte de<\/p>\n","protected":false},"author":1,"featured_media":72010,"comment_status":"open","ping_status":"open","sticky":false,"template":"","format":"standard","meta":{"jetpack_post_was_ever_published":false,"_jetpack_newsletter_access":"","_jetpack_dont_email_post_to_subs":false,"_jetpack_newsletter_tier_id":0,"_jetpack_memberships_contains_paywalled_content":false,"_jetpack_memberships_contains_paid_content":false,"footnotes":"","jetpack_publicize_message":"","jetpack_publicize_feature_enabled":true,"jetpack_social_post_already_shared":true,"jetpack_social_options":{"image_generator_settings":{"template":"highway","default_image_id":0,"font":"","enabled":false},"version":2}},"categories":[59,3],"tags":[],"class_list":["post-72009","post","type-post","status-publish","format-standard","has-post-thumbnail","hentry","category-asesinos","category-portada"],"jetpack_publicize_connections":[],"jetpack_featured_media_url":"https:\/\/formalprision.com\/wp-content\/uploads\/2019\/04\/IMG_3798.jpg","jetpack_sharing_enabled":true,"jetpack_shortlink":"https:\/\/wp.me\/p6id8p-iJr","_links":{"self":[{"href":"https:\/\/formalprision.com\/index.php?rest_route=\/wp\/v2\/posts\/72009","targetHints":{"allow":["GET"]}}],"collection":[{"href":"https:\/\/formalprision.com\/index.php?rest_route=\/wp\/v2\/posts"}],"about":[{"href":"https:\/\/formalprision.com\/index.php?rest_route=\/wp\/v2\/types\/post"}],"author":[{"embeddable":true,"href":"https:\/\/formalprision.com\/index.php?rest_route=\/wp\/v2\/users\/1"}],"replies":[{"embeddable":true,"href":"https:\/\/formalprision.com\/index.php?rest_route=%2Fwp%2Fv2%2Fcomments&post=72009"}],"version-history":[{"count":0,"href":"https:\/\/formalprision.com\/index.php?rest_route=\/wp\/v2\/posts\/72009\/revisions"}],"wp:featuredmedia":[{"embeddable":true,"href":"https:\/\/formalprision.com\/index.php?rest_route=\/wp\/v2\/media\/72010"}],"wp:attachment":[{"href":"https:\/\/formalprision.com\/index.php?rest_route=%2Fwp%2Fv2%2Fmedia&parent=72009"}],"wp:term":[{"taxonomy":"category","embeddable":true,"href":"https:\/\/formalprision.com\/index.php?rest_route=%2Fwp%2Fv2%2Fcategories&post=72009"},{"taxonomy":"post_tag","embeddable":true,"href":"https:\/\/formalprision.com\/index.php?rest_route=%2Fwp%2Fv2%2Ftags&post=72009"}],"curies":[{"name":"wp","href":"https:\/\/api.w.org\/{rel}","templated":true}]}}