{"id":72012,"date":"2019-04-24T09:28:47","date_gmt":"2019-04-24T14:28:47","guid":{"rendered":"http:\/\/formalprision.com\/?p=72012"},"modified":"2019-04-24T09:29:20","modified_gmt":"2019-04-24T14:29:20","slug":"colombiano-intenta-violar-a-su-hijastra-de-11-anos","status":"publish","type":"post","link":"https:\/\/formalprision.com\/?p=72012","title":{"rendered":"Colombiano intenta violar a su hijastra de 11 a\u00f1os"},"content":{"rendered":"\n<p>Debido a que estuvo a punto de ultrajar a su hijastra de 11 a\u00f1os, el colombiano C\u00e9sar R. C\u00f3rdoba B. enfrenta proceso penal por el delito violaci\u00f3n equiparada en grado de tentativa.<\/p>\n\n\n\n<p>Los hechos ocurrieron en un predio del fraccionamiento Vega del Mayab Arrayan de Conkal.<\/p>\n\n\n\n<p>El juez de control Luis Edwin Mugarte Guerrero decret\u00f3 como legal su detenci\u00f3n y lo imput\u00f3 por el delito arriba mencionado.<\/p>\n\n\n\n<p>Mugarte le impuso la medida cautelar de prisi\u00f3n preventiva oficiosa por todo el tiempo que dure el proceso.<\/p>\n\n\n\n<p>C\u00f3rdoba Barajas tiene doble nacionalidad y no puede ser deportado.<\/p>\n\n\n\n<p>Seg\u00fan el expediente, los hechos ocurrieron   el 17 de abril, alrededor de las diez de la ma\u00f1ana, cuando el colombiano se hab\u00eda quedado a cuidar a su hijastra en la vivienda que comparte con su esposa en el citado fraccionamiento.<\/p>\n\n\n\n<p>En un momento dado, se acerc\u00f3 a la menor de identidad reservada y de 11 a\u00f1os de edad, la llev\u00f3 a un cuarto, donde despu\u00e9s de quitarle la ropa y dejarla completamente desnuda, intent\u00f3 imponerle la c\u00f3pula, lo cual no logr\u00f3 porque lleg\u00f3 la madre de la menor.<\/p>\n\n\n\n<p>Debido a que se vio sorprendido, el sujeto se levant\u00f3 inmediatamente, dici\u00e9ndole que no hab\u00eda pasado nada.<\/p>\n\n\n\n<p>El sujeto desde hace seis a\u00f1os vive con la mujer y la ni\u00f1a.<\/p>\n","protected":false},"excerpt":{"rendered":"<p>Debido a que estuvo a punto de ultrajar a su hijastra de 11 a\u00f1os, el colombiano C\u00e9sar R. C\u00f3rdoba B. enfrenta proceso penal por el delito violaci\u00f3n equiparada en grado<\/p>\n","protected":false},"author":1,"featured_media":72013,"comment_status":"open","ping_status":"open","sticky":false,"template":"","format":"standard","meta":{"jetpack_post_was_ever_published":false,"_jetpack_newsletter_access":"","_jetpack_dont_email_post_to_subs":false,"_jetpack_newsletter_tier_id":0,"_jetpack_memberships_contains_paywalled_content":false,"_jetpack_memberships_contains_paid_content":false,"footnotes":"","jetpack_publicize_message":"","jetpack_publicize_feature_enabled":true,"jetpack_social_post_already_shared":true,"jetpack_social_options":{"image_generator_settings":{"template":"highway","default_image_id":0,"font":"","enabled":false},"version":2}},"categories":[3,1],"tags":[],"class_list":["post-72012","post","type-post","status-publish","format-standard","has-post-thumbnail","hentry","category-portada","category-sin-categoria"],"jetpack_publicize_connections":[],"jetpack_featured_media_url":"https:\/\/formalprision.com\/wp-content\/uploads\/2019\/04\/IMG_3801.jpg","jetpack_sharing_enabled":true,"jetpack_shortlink":"https:\/\/wp.me\/p6id8p-iJu","_links":{"self":[{"href":"https:\/\/formalprision.com\/index.php?rest_route=\/wp\/v2\/posts\/72012","targetHints":{"allow":["GET"]}}],"collection":[{"href":"https:\/\/formalprision.com\/index.php?rest_route=\/wp\/v2\/posts"}],"about":[{"href":"https:\/\/formalprision.com\/index.php?rest_route=\/wp\/v2\/types\/post"}],"author":[{"embeddable":true,"href":"https:\/\/formalprision.com\/index.php?rest_route=\/wp\/v2\/users\/1"}],"replies":[{"embeddable":true,"href":"https:\/\/formalprision.com\/index.php?rest_route=%2Fwp%2Fv2%2Fcomments&post=72012"}],"version-history":[{"count":0,"href":"https:\/\/formalprision.com\/index.php?rest_route=\/wp\/v2\/posts\/72012\/revisions"}],"wp:featuredmedia":[{"embeddable":true,"href":"https:\/\/formalprision.com\/index.php?rest_route=\/wp\/v2\/media\/72013"}],"wp:attachment":[{"href":"https:\/\/formalprision.com\/index.php?rest_route=%2Fwp%2Fv2%2Fmedia&parent=72012"}],"wp:term":[{"taxonomy":"category","embeddable":true,"href":"https:\/\/formalprision.com\/index.php?rest_route=%2Fwp%2Fv2%2Fcategories&post=72012"},{"taxonomy":"post_tag","embeddable":true,"href":"https:\/\/formalprision.com\/index.php?rest_route=%2Fwp%2Fv2%2Ftags&post=72012"}],"curies":[{"name":"wp","href":"https:\/\/api.w.org\/{rel}","templated":true}]}}