{"id":72020,"date":"2019-04-24T17:27:16","date_gmt":"2019-04-24T22:27:16","guid":{"rendered":"http:\/\/formalprision.com\/?p=72020"},"modified":"2019-04-24T17:27:22","modified_gmt":"2019-04-24T22:27:22","slug":"mauricio-vila-promociona-a-yucatan-en-la-feria-aeroespacial-mexico-famex-2019","status":"publish","type":"post","link":"https:\/\/formalprision.com\/?p=72020","title":{"rendered":"Mauricio Vila promociona a Yucat\u00e1n en la Feria Aeroespacial M\u00e9xico-FAMEX-2019"},"content":{"rendered":"\n<p>Zumpango, Estado de M\u00e9xico, 24 de abril de 2019.- El Gobernador de Yucat\u00e1n, Mauricio Vila Dosal, particip\u00f3 este d\u00eda en la inauguraci\u00f3n de la Tercera Edici\u00f3n de la \u201cFeria Aeroespacial M\u00e9xico\u201d (FAMEX-2019), evento que reuni\u00f3 a l\u00edderes de m\u00e1s 500 empresas nacionales e internacionales del sector y que encabez\u00f3 el presidente Andr\u00e9s Manuel L\u00f3pez Obrador.<\/p>\n\n\n\n<p>Desde la Base A\u00e9rea Militar N\u00b0. 1 en Santa Luc\u00eda, Vila Dosal acudi\u00f3 a la ceremonia junto con el secretario de la Defensa Nacional, el General Luis Crescencio Sandoval Gonz\u00e1lez; el Almirante, Jos\u00e9 Rafael Ojeda Dur\u00e1n, secretario de Marina; Javier Jim\u00e9nez Espri\u00fa, secretario de Comunicaciones y Transportes, as\u00ed como comandantes y jefes de las Fuerzas A\u00e9reas de Am\u00e9rica, Europa y Asia y de Seguridad Nacional. Tambi\u00e9n estuvieron los agregados militares acreditados en M\u00e9xico y Gobernadores del resto de las entidades federativas.<\/p>\n\n\n\n<p>Cabe se\u00f1alar que, en Yucat\u00e1n la industria aeroespacial va en crecimiento y muestra de ello es la inversi\u00f3n que realiza la empresa PCC Airfoils, dedicada a la fabricaci\u00f3n de piezas de aviones, que aplica m\u00e1s de 300 millones de pesos en nuevas plantas mediante las cuales generar\u00e1 m\u00e1s de 1,600 nuevos y mejores empleos para los yucatecos, as\u00ed como otros 3,000 se crear\u00e1n de manera indirecta.<\/p>\n\n\n\n<p>La firma de origen estadounidense es una de las 7 empresas de capital local, nacional y extranjero que invertir\u00e1n en los pr\u00f3ximos meses en Yucat\u00e1n 5,542 millones de pesos y crear\u00e1n en conjunto m\u00e1s de 10,570 nuevos empleos de manera directa y 34,700 indirectos, especialmente en municipios del interior del estado.<\/p>\n\n\n\n<p>Actualmente PCC Airfoils tiene 843 trabajadores y entre sus principales clientes se encuentran las compa\u00f1\u00edas IHI, GE, MTU, Safran Group, Samsung Aviation, Pratt &amp; Whitney, entre otros.<\/p>\n\n\n\n<p>Sumado a ello, en el estado m\u00e1s de 550 personas, entre hombres y mujeres, laboran en el Grupo Alsico Promex, empresa que invirti\u00f3 cerca de 52 millones de pesos para su establecimiento en el territorio estatal y donde se realizan batas, camisas, overoles, chamarras, botas y trajes especiales para la Administraci\u00f3n Nacional de la Aeron\u00e1utica y del Espacio, m\u00e1s conocida como NASA, por sus siglas en ingl\u00e9s.<\/p>\n\n\n\n<p>En el marco de la FAMEX-2019, el Gobernador Mauricio Vila se reuni\u00f3 con los embajadores de Chile, Domingo Arteaga Echeverr\u00eda; de la Rep\u00fablica de la Argentina, Ezequiel Sabor; de la Rep\u00fablica de Indonesia, Cheppy T. Wartono; as\u00ed como con el embajador extraordinario y plenipotenciario de Jap\u00f3n, Yasushi Takase, a quienes present\u00f3 las oportunidades que ofrece Yucat\u00e1n para las inversiones.<\/p>\n\n\n\n<p>Asimismo, convers\u00f3 con el vanguardista industrial, Daniel Parfait, Chief Executive Officer (CEO, por sus siglas en ingl\u00e9s) del Grupo Safran, multinacional francesa de alta tecnolog\u00eda, especializada en defensa, equipamiento aeron\u00e1utico y seguridad, quien mostr\u00f3 inter\u00e9s en el potencial yucateco.<\/p>\n\n\n\n<p>La FAMEX, que este a\u00f1o se lleva a cabo desde hoy y hasta el pr\u00f3ximo 27 de abril, es una actividad comercial de \u00e1mbito aeron\u00e1utico civil, militar, de seguridad y defensa, cuyo objetivo es reunir a los l\u00edderes de estos sectores para favorecer el intercambio comercial e impulsar el crecimiento de la industria aeroespacial en M\u00e9xico.<\/p>\n\n\n\n<p>Se prev\u00e9 que en este periodo se concreten m\u00e1s de 4, 600 encuentros de negocios con empresas de 35 pa\u00edses participantes, teniendo como naci\u00f3n invitada a Canad\u00e1.<\/p>\n\n\n\n<p>Con la participaci\u00f3n de representantes de la Federaci\u00f3n Mexicana de la Industria Aeroespacial (FEMIA), el Consejo Mexicano de Educaci\u00f3n Aeroespacial (COMEA) y la Agencia Espacial Mexicana (AEM), esta feria cuenta con la infraestructura necesaria para recibir aeronaves de grandes dimensiones, adem\u00e1s de cinco pabellones destinados a la exhibici\u00f3n de productos y servicios de las empresas participantes.<\/p>\n\n\n\n<p>Para 2020 se ha proyectado la presencia de m\u00e1s de 450 empresas extranjeras del sector aeron\u00e1utico que requerir\u00e1n mano de obra y ampliaci\u00f3n en el \u00e1rea de investigaci\u00f3n a lo largo y ancho del territorio nacional, lo que se traduce en la generaci\u00f3n de fuentes de empleo. (Comunicado de Prensa)<\/p>\n","protected":false},"excerpt":{"rendered":"<p>Zumpango, Estado de M\u00e9xico, 24 de abril de 2019.- El Gobernador de Yucat\u00e1n, Mauricio Vila Dosal, particip\u00f3 este d\u00eda en la inauguraci\u00f3n de la Tercera Edici\u00f3n de la \u201cFeria Aeroespacial<\/p>\n","protected":false},"author":1,"featured_media":72021,"comment_status":"open","ping_status":"open","sticky":false,"template":"","format":"standard","meta":{"jetpack_post_was_ever_published":false,"_jetpack_newsletter_access":"","_jetpack_dont_email_post_to_subs":false,"_jetpack_newsletter_tier_id":0,"_jetpack_memberships_contains_paywalled_content":false,"_jetpack_memberships_contains_paid_content":false,"footnotes":"","jetpack_publicize_message":"","jetpack_publicize_feature_enabled":true,"jetpack_social_post_already_shared":true,"jetpack_social_options":{"image_generator_settings":{"template":"highway","default_image_id":0,"font":"","enabled":false},"version":2}},"categories":[17],"tags":[],"class_list":["post-72020","post","type-post","status-publish","format-standard","has-post-thumbnail","hentry","category-politica-y-gobierno"],"jetpack_publicize_connections":[],"jetpack_featured_media_url":"https:\/\/formalprision.com\/wp-content\/uploads\/2019\/04\/IMG_3803.jpg","jetpack_sharing_enabled":true,"jetpack_shortlink":"https:\/\/wp.me\/p6id8p-iJC","_links":{"self":[{"href":"https:\/\/formalprision.com\/index.php?rest_route=\/wp\/v2\/posts\/72020","targetHints":{"allow":["GET"]}}],"collection":[{"href":"https:\/\/formalprision.com\/index.php?rest_route=\/wp\/v2\/posts"}],"about":[{"href":"https:\/\/formalprision.com\/index.php?rest_route=\/wp\/v2\/types\/post"}],"author":[{"embeddable":true,"href":"https:\/\/formalprision.com\/index.php?rest_route=\/wp\/v2\/users\/1"}],"replies":[{"embeddable":true,"href":"https:\/\/formalprision.com\/index.php?rest_route=%2Fwp%2Fv2%2Fcomments&post=72020"}],"version-history":[{"count":0,"href":"https:\/\/formalprision.com\/index.php?rest_route=\/wp\/v2\/posts\/72020\/revisions"}],"wp:featuredmedia":[{"embeddable":true,"href":"https:\/\/formalprision.com\/index.php?rest_route=\/wp\/v2\/media\/72021"}],"wp:attachment":[{"href":"https:\/\/formalprision.com\/index.php?rest_route=%2Fwp%2Fv2%2Fmedia&parent=72020"}],"wp:term":[{"taxonomy":"category","embeddable":true,"href":"https:\/\/formalprision.com\/index.php?rest_route=%2Fwp%2Fv2%2Fcategories&post=72020"},{"taxonomy":"post_tag","embeddable":true,"href":"https:\/\/formalprision.com\/index.php?rest_route=%2Fwp%2Fv2%2Ftags&post=72020"}],"curies":[{"name":"wp","href":"https:\/\/api.w.org\/{rel}","templated":true}]}}