{"id":72023,"date":"2019-04-24T17:34:23","date_gmt":"2019-04-24T22:34:23","guid":{"rendered":"http:\/\/formalprision.com\/?p=72023"},"modified":"2019-04-24T17:34:31","modified_gmt":"2019-04-24T22:34:31","slug":"senado-garantiza-derechos-laborales-de-las-trabajadoras-del-hogar","status":"publish","type":"post","link":"https:\/\/formalprision.com\/?p=72023","title":{"rendered":"Senado garantiza derechos laborales de las trabajadoras del hogar"},"content":{"rendered":"\n<p>Ciudad de M\u00e9xico a 24 de abril de 2019._ El pleno del Senado de la Rep\u00fablica por unanimidad aprob\u00f3 modificar la Ley Federal del Trabajo y la Ley del Seguro Social a fin de mejorar  las condiciones laborales de los y las trabajadoras del hogar, tambi\u00e9n denominados trabajadoras dom\u00e9sticas para garantizar que estos cuenten con derechos laborales y prestaciones b\u00e1sicas de ley. <\/p>\n\n\n\n<p>La legisladora federal por el Partido Verde Ecologista de M\u00e9xico (PVEM), Ver\u00f3nica Camino Farjat, dijo que con la modificaci\u00f3n se reconocen sus derechos y se les otorgan mejores condiciones para proteger laboral y socialmente a los trabajadores de este sector en todas las modalidades que se pueden presentar. <\/p>\n\n\n\n<p>\u201cA partir de este dictamen se define a la persona trabajadora del hogar como toda persona que de manera remunerada realice actividades de aseo, asistencia, y dem\u00e1s, propios o inherentes al hogar como parte de una relaci\u00f3n laboral\u201d.<\/p>\n\n\n\n<p>Del mismo modo, a\u00f1adi\u00f3; en ella se plantea un redise\u00f1o jur\u00eddico de la Ley Federal del Trabajo en el que se establece tres modalidades: las personas que trabajan para un patr\u00f3n y residen en el domicilio; quienes trabajan para un patr\u00f3n y no residen en el domicilio; y las que trabajan para diferentes patrones y no residen en el domicilio de ninguno.<\/p>\n\n\n\n<p>La legisladora yucateca dijo que se reconocen todos los derechos laborales como los de cualquier otro empleo; contrato por escrito, horarios justos, d\u00edas de descanso pagados, vacaciones pagadas, prima vacacional y aguinaldo, as\u00ed como fijar un salario m\u00ednimo que no podr\u00e1 ser inferior a dos salarios m\u00ednimos vigentes.<\/p>\n\n\n\n<p>De igual modo dijo que se incorporar la obligaci\u00f3n de los patrones de proporcionar los alimentos para las trabajadoras del hogar y de otorgar habitaciones dignas a quienes vivan en el domicilio donde laboran.<\/p>\n\n\n\n<p>\u201cTambi\u00e9n se establece en la ley, los derechos de recibir seguridad social, es decir, deber\u00e1n estar afiliadas al IMSS y contar con todos los derechos y prestaciones que el instituto otorga, como servicios de salud, incapacidades, pensiones, guarder\u00edas y dem\u00e1s servicios de los que gozan los afiliados y beneficiarios\u201d.<\/p>\n\n\n\n<p>A\u00f1adi\u00f3 que se fijan jornadas m\u00e1ximo de ocho horas diarias para las trabajadoras que vivan en donde laboren y cuando sobrepasen ese tiempo, ser\u00e1n consideradas como horas extras y se pagar\u00e1 de acuerdo a la ley.<\/p>\n\n\n\n<p>Ver\u00f3nica Camino indic\u00f3 que se proh\u00edbe la contrataci\u00f3n de personas menores de 15 a\u00f1os y para los adolescentes mayores de esa edad y que cuenten con la secundar\u00eda concluida, se establecen jornadas que no deber\u00e1n exceder de seis horas diarias y 36 a la semana.<\/p>\n\n\n\n<p>Antes de concluir, la senadora record\u00f3 que en M\u00e9xico existen poco  m\u00e1s de dos  millones de personas que se dedican a trabajar de manera particular en las  labores del hogar,  donde m\u00e1s del 80 por ciento de ellas son mujeres; \u201cpor ello celebro la buena disposici\u00f3n y la voluntad pol\u00edtica de todos los legisladores para hacer de esto una realidad y cumplir con una sentida y justa demanda que se ten\u00eda pendiente con este sector trabajador\u201d. <br>\nEl dictamen se remiti\u00f3 a la C\u00e1mara de Diputados. <\/p>\n","protected":false},"excerpt":{"rendered":"<p>Ciudad de M\u00e9xico a 24 de abril de 2019._ El pleno del Senado de la Rep\u00fablica por unanimidad aprob\u00f3 modificar la Ley Federal del Trabajo y la Ley del Seguro<\/p>\n","protected":false},"author":1,"featured_media":72024,"comment_status":"open","ping_status":"open","sticky":false,"template":"","format":"standard","meta":{"jetpack_post_was_ever_published":false,"_jetpack_newsletter_access":"","_jetpack_dont_email_post_to_subs":false,"_jetpack_newsletter_tier_id":0,"_jetpack_memberships_contains_paywalled_content":false,"_jetpack_memberships_contains_paid_content":false,"footnotes":"","jetpack_publicize_message":"","jetpack_publicize_feature_enabled":true,"jetpack_social_post_already_shared":true,"jetpack_social_options":{"image_generator_settings":{"template":"highway","default_image_id":0,"font":"","enabled":false},"version":2}},"categories":[14],"tags":[],"class_list":["post-72023","post","type-post","status-publish","format-standard","has-post-thumbnail","hentry","category-merida"],"jetpack_publicize_connections":[],"jetpack_featured_media_url":"https:\/\/formalprision.com\/wp-content\/uploads\/2019\/04\/IMG_3804.jpg","jetpack_sharing_enabled":true,"jetpack_shortlink":"https:\/\/wp.me\/p6id8p-iJF","_links":{"self":[{"href":"https:\/\/formalprision.com\/index.php?rest_route=\/wp\/v2\/posts\/72023","targetHints":{"allow":["GET"]}}],"collection":[{"href":"https:\/\/formalprision.com\/index.php?rest_route=\/wp\/v2\/posts"}],"about":[{"href":"https:\/\/formalprision.com\/index.php?rest_route=\/wp\/v2\/types\/post"}],"author":[{"embeddable":true,"href":"https:\/\/formalprision.com\/index.php?rest_route=\/wp\/v2\/users\/1"}],"replies":[{"embeddable":true,"href":"https:\/\/formalprision.com\/index.php?rest_route=%2Fwp%2Fv2%2Fcomments&post=72023"}],"version-history":[{"count":0,"href":"https:\/\/formalprision.com\/index.php?rest_route=\/wp\/v2\/posts\/72023\/revisions"}],"wp:featuredmedia":[{"embeddable":true,"href":"https:\/\/formalprision.com\/index.php?rest_route=\/wp\/v2\/media\/72024"}],"wp:attachment":[{"href":"https:\/\/formalprision.com\/index.php?rest_route=%2Fwp%2Fv2%2Fmedia&parent=72023"}],"wp:term":[{"taxonomy":"category","embeddable":true,"href":"https:\/\/formalprision.com\/index.php?rest_route=%2Fwp%2Fv2%2Fcategories&post=72023"},{"taxonomy":"post_tag","embeddable":true,"href":"https:\/\/formalprision.com\/index.php?rest_route=%2Fwp%2Fv2%2Ftags&post=72023"}],"curies":[{"name":"wp","href":"https:\/\/api.w.org\/{rel}","templated":true}]}}