{"id":72026,"date":"2019-04-24T17:42:42","date_gmt":"2019-04-24T22:42:42","guid":{"rendered":"http:\/\/formalprision.com\/?p=72026"},"modified":"2019-04-24T20:50:31","modified_gmt":"2019-04-25T01:50:31","slug":"ramirez-marin-encabeza-banderazo-de-calles-en-chankom","status":"publish","type":"post","link":"https:\/\/formalprision.com\/?p=72026","title":{"rendered":"Ram\u00edrez Mar\u00edn encabeza banderazo de calles en Chankom"},"content":{"rendered":"\n<p>Continuando con sus gestiones de apoyo a los municipios, el senador Jorge Carlos Ram\u00edrez Mar\u00edn visit\u00f3 Chankom, donde junto con el alcalde Roger Cim\u00e9 Mis, dio el banderazo de arranque de la repavimentaci\u00f3n de calles y ofreci\u00f3 atender otras solicitudes que le plantearon vecinos y autoridades.<\/p>\n\n\n\n<p>En respuesta a las peticiones del Ayuntamiento, el legislador yucateco dijo que, con mucho gusto, gestionar\u00e1 la construcci\u00f3n de un domo para fomentar las actividades deportivas y recreativas, as\u00ed como una ambulancia para el traslado de enfermos, que es una prioridad en el municipio.<\/p>\n\n\n\n<p>En plena calle, bajo el fuerte Sol, luego del banderazo de los trabajos, Ram\u00edrez Mar\u00edn afirm\u00f3 que esto es solo el principio de las obras y acciones que gestionar\u00e1 en correspondencia a la confianza y el apoyo que ha recibido del alcalde Cim\u00e9 Mis y de los vecinos de Chankom, quienes, al igual que miles de yucatecos, lo llevaron con su voto al Senado de la Rep\u00fablica.<\/p>\n\n\n\n<p>El legislador felicit\u00f3 a los vecinos y al Ayuntamiento por mantener limpias las calles e, invit\u00f3 al municipio, ubicado en el coraz\u00f3n de la zona maya, a ser ejemplo de limpieza no solo de basura sino de envases y bolsas de pl\u00e1stico, que est\u00e1n envenenando al planeta, ya que, de no hacerlo, se pagar\u00e1n caro las consecuencias.<\/p>\n\n\n\n<p>En el marco del D\u00eda Mundial de la Tierra, el senador subray\u00f3 que es importante tambi\u00e9n cuidar las riquezas naturales que tiene Yucat\u00e1n, como el cenote de Chankom que est\u00e1 en plena plaza principal, el cual visit\u00f3, y destac\u00f3 la labor que realizan organismos civiles como Expedici\u00f3n Grosjean y Fundaci\u00f3n Bepensa en la limpieza de estas reservas de agua.<\/p>\n\n\n\n<p>Asimismo, invit\u00f3 a los yucatecos y a los turistas nacionales y extranjeros a visitar los cenotes como el de Yokdzonot, ubicado cerca de Chankom, sobre la carretera M\u00e9rida-Valladolid, que administra la cooperativa \u00abZaaz Koolen H\u00e1\u00bb, uno de los muchos atractivos ecotur\u00edsticos que hay en Yucat\u00e1n.<\/p>\n\n\n\n<p>En su mensaje, el alcalde Cim\u00e9 Mis destac\u00f3 que no es la primera vez que Chankom recibe el apoyo de Ram\u00edrez Mar\u00edn, ya que, por ejemplo, siendo diputado federal, gestion\u00f3 la construcci\u00f3n de 110 pozos pluviales para la cabecera y sus comisar\u00edas, a fin de resolver el problema de las inundaciones.<\/p>\n\n\n\n<p>\u00abDesde que te iniciaste en la pol\u00edtica haz ayudado a la gente humilde, a la gente de los municipios y eso te lo reconocemos. Hoy son las calles y s\u00e9 que juntos seguiremos trabajando por mi comunidad. Gracias senador, Chankom es tu casa y aqu\u00ed est\u00e1n tus amigos\u00bb, expres\u00f3 el presidente municipal.<\/p>\n\n\n\n<p>A nombre de los vecinos, Jorge Uc Cim\u00e9 agradeci\u00f3 la pavimentaci\u00f3n de calles que ser\u00e1 de gran ayuda para la comunidad y se\u00f1al\u00f3 que les da mucho gusto que, en vez de estar en un restaurante con aire acondicionado, el senador est\u00e9 en pleno Sol dando el banderazo de arranque y atendiendo las solicitudes de los campesinos, comentario que gener\u00f3 los aplausos de los asistentes. (Comunicado de Prensa)<\/p>\n","protected":false},"excerpt":{"rendered":"<p>Continuando con sus gestiones de apoyo a los municipios, el senador Jorge Carlos Ram\u00edrez Mar\u00edn visit\u00f3 Chankom, donde junto con el alcalde Roger Cim\u00e9 Mis, dio el banderazo de arranque<\/p>\n","protected":false},"author":1,"featured_media":72027,"comment_status":"open","ping_status":"open","sticky":false,"template":"","format":"standard","meta":{"jetpack_post_was_ever_published":false,"_jetpack_newsletter_access":"","_jetpack_dont_email_post_to_subs":false,"_jetpack_newsletter_tier_id":0,"_jetpack_memberships_contains_paywalled_content":false,"_jetpack_memberships_contains_paid_content":false,"footnotes":"","jetpack_publicize_message":"","jetpack_publicize_feature_enabled":true,"jetpack_social_post_already_shared":true,"jetpack_social_options":{"image_generator_settings":{"template":"highway","default_image_id":0,"font":"","enabled":false},"version":2}},"categories":[17],"tags":[],"class_list":["post-72026","post","type-post","status-publish","format-standard","has-post-thumbnail","hentry","category-politica-y-gobierno"],"jetpack_publicize_connections":[],"jetpack_featured_media_url":"https:\/\/formalprision.com\/wp-content\/uploads\/2019\/04\/IMG_3805.jpg","jetpack_sharing_enabled":true,"jetpack_shortlink":"https:\/\/wp.me\/p6id8p-iJI","_links":{"self":[{"href":"https:\/\/formalprision.com\/index.php?rest_route=\/wp\/v2\/posts\/72026","targetHints":{"allow":["GET"]}}],"collection":[{"href":"https:\/\/formalprision.com\/index.php?rest_route=\/wp\/v2\/posts"}],"about":[{"href":"https:\/\/formalprision.com\/index.php?rest_route=\/wp\/v2\/types\/post"}],"author":[{"embeddable":true,"href":"https:\/\/formalprision.com\/index.php?rest_route=\/wp\/v2\/users\/1"}],"replies":[{"embeddable":true,"href":"https:\/\/formalprision.com\/index.php?rest_route=%2Fwp%2Fv2%2Fcomments&post=72026"}],"version-history":[{"count":0,"href":"https:\/\/formalprision.com\/index.php?rest_route=\/wp\/v2\/posts\/72026\/revisions"}],"wp:featuredmedia":[{"embeddable":true,"href":"https:\/\/formalprision.com\/index.php?rest_route=\/wp\/v2\/media\/72027"}],"wp:attachment":[{"href":"https:\/\/formalprision.com\/index.php?rest_route=%2Fwp%2Fv2%2Fmedia&parent=72026"}],"wp:term":[{"taxonomy":"category","embeddable":true,"href":"https:\/\/formalprision.com\/index.php?rest_route=%2Fwp%2Fv2%2Fcategories&post=72026"},{"taxonomy":"post_tag","embeddable":true,"href":"https:\/\/formalprision.com\/index.php?rest_route=%2Fwp%2Fv2%2Ftags&post=72026"}],"curies":[{"name":"wp","href":"https:\/\/api.w.org\/{rel}","templated":true}]}}