{"id":7204,"date":"2012-03-11T16:24:00","date_gmt":"2012-03-11T16:24:00","guid":{"rendered":"http:\/\/formalprision.info\/2012\/03\/11\/festeja-su-cumpleanos-un-dia-antes-y\/"},"modified":"2015-06-03T08:53:11","modified_gmt":"2015-06-03T08:53:11","slug":"festeja-su-cumpleanos-un-dia-antes-y","status":"publish","type":"post","link":"https:\/\/formalprision.com\/?p=7204","title":{"rendered":"Festeja su cumplea\u00f1os un d\u00eda antes y termina en el hospital tras chocar ebrio"},"content":{"rendered":"<p><a href=\"http:\/\/2.bp.blogspot.com\/-G70-FQ1mHRw\/T1xVChb9dkI\/AAAAAAAAGKM\/PHZJ0q8N_Q0\/s1600\/aaaaquecabron.jpg\"><img decoding=\"async\" id=\"BLOGGER_PHOTO_ID_5718539128677430850\" style=\"FLOAT: left; MARGIN: 0px 10px 10px 0px; WIDTH: 320px; CURSOR: hand; HEIGHT: 214px\" alt=\"\" src=\"http:\/\/formalprision.com\/wp-content\/uploads\/2012\/03\/aaaaquecabron.jpg\" border=\"0\" \/><\/a><\/p>\n<p><\/p>\n<div>Un vecino del Fraccionamiento Campestre Flamboyanes de Progreso sufri\u00f3 anoche aparatoso accidente en la carretera a M\u00e9rida, a la altura del kil\u00f3metro 28+500.<\/div>\n<div>El conductor, quien se dirig\u00eda hacia su domicilio en Flamboyanes, choc\u00f3 a bordo de un Chevrolet Cavalier color azul, cuando dormit\u00f3 y sali\u00f3 de la carretera, avanzando unos 20 metros dentro del monte hasta chocar contra una piedra.<\/div>\n<div>De acuerdo con polic\u00edas que llegaron poco despu\u00e9s del percance, el guiador estaba bajo los efectos del alcohol y fue identificado como empleado trailero de una empresa de transporte de carga.<\/div>\n<p><\/p>\n<div>Al poco rato del accidente -registrado a las 9 de la noche-, se present\u00f3 en el sitio la Sra. Mar\u00eda Teresa Solano Hern\u00e1ndez, de 39 a\u00f1os, quien auxili\u00f3 a su esposo y proporcion\u00f3 la informaci\u00f3n a los polic\u00edas.<\/div>\n<p><\/p>\n<div>Entre los polic\u00edas llam\u00f3 la atenci\u00f3n los comentarios de varios agentes que se\u00f1alaron que el lesionado pasar\u00e1 su cumplea\u00f1os en el hospital, pues hoy domingo cumple 40 a\u00f1os, naci\u00f3 el 11 de marzo de 1972, seg\u00fan su licencia.<\/div>\n<p><\/p>\n<div>En el percance apoyaron bomberos y polic\u00edas de la SSP, encabezados por el subdirector de la corporaci\u00f3n, Juan Carlos Morales Silva.<\/div>\n<p><\/p>\n<div>El lesionado fue trasladado a un hospital de M\u00e9rida.El sitio fue abanderado hasta la llegada de los polic\u00edas de la PFP debido a que sucedi\u00f3 en un tramo federal.&#8211;(Con informaci\u00f3n de Progresohoy.com)<\/div>\n","protected":false},"excerpt":{"rendered":"<p>Un vecino del Fraccionamiento Campestre Flamboyanes de Progreso sufri\u00f3 anoche aparatoso accidente en la carretera a M\u00e9rida, a la altura del kil\u00f3metro 28+500. El conductor, quien se dirig\u00eda hacia su<\/p>\n","protected":false},"author":1,"featured_media":24502,"comment_status":"open","ping_status":"open","sticky":false,"template":"","format":"standard","meta":{"jetpack_post_was_ever_published":false,"_jetpack_newsletter_access":"","_jetpack_dont_email_post_to_subs":false,"_jetpack_newsletter_tier_id":0,"_jetpack_memberships_contains_paywalled_content":false,"_jetpack_memberships_contains_paid_content":false,"footnotes":"","jetpack_publicize_message":"","jetpack_publicize_feature_enabled":true,"jetpack_social_post_already_shared":false,"jetpack_social_options":{"image_generator_settings":{"template":"highway","default_image_id":0,"font":"","enabled":false},"version":2}},"categories":[50,3,1,53],"tags":[],"class_list":["post-7204","post","type-post","status-publish","format-standard","has-post-thumbnail","hentry","category-machines","category-portada","category-sin-categoria","category-yo-no-fui"],"jetpack_publicize_connections":[],"jetpack_featured_media_url":"https:\/\/formalprision.com\/wp-content\/uploads\/2012\/03\/aaaaquecabron.jpg","jetpack_sharing_enabled":true,"jetpack_shortlink":"https:\/\/wp.me\/p6id8p-1Sc","_links":{"self":[{"href":"https:\/\/formalprision.com\/index.php?rest_route=\/wp\/v2\/posts\/7204","targetHints":{"allow":["GET"]}}],"collection":[{"href":"https:\/\/formalprision.com\/index.php?rest_route=\/wp\/v2\/posts"}],"about":[{"href":"https:\/\/formalprision.com\/index.php?rest_route=\/wp\/v2\/types\/post"}],"author":[{"embeddable":true,"href":"https:\/\/formalprision.com\/index.php?rest_route=\/wp\/v2\/users\/1"}],"replies":[{"embeddable":true,"href":"https:\/\/formalprision.com\/index.php?rest_route=%2Fwp%2Fv2%2Fcomments&post=7204"}],"version-history":[{"count":0,"href":"https:\/\/formalprision.com\/index.php?rest_route=\/wp\/v2\/posts\/7204\/revisions"}],"wp:featuredmedia":[{"embeddable":true,"href":"https:\/\/formalprision.com\/index.php?rest_route=\/wp\/v2\/media\/24502"}],"wp:attachment":[{"href":"https:\/\/formalprision.com\/index.php?rest_route=%2Fwp%2Fv2%2Fmedia&parent=7204"}],"wp:term":[{"taxonomy":"category","embeddable":true,"href":"https:\/\/formalprision.com\/index.php?rest_route=%2Fwp%2Fv2%2Fcategories&post=7204"},{"taxonomy":"post_tag","embeddable":true,"href":"https:\/\/formalprision.com\/index.php?rest_route=%2Fwp%2Fv2%2Ftags&post=7204"}],"curies":[{"name":"wp","href":"https:\/\/api.w.org\/{rel}","templated":true}]}}