{"id":7208,"date":"2012-03-09T19:33:00","date_gmt":"2012-03-09T19:33:00","guid":{"rendered":"http:\/\/formalprision.info\/2012\/03\/09\/se-duerme-ebria-y-asfixia-su-hijo-de\/"},"modified":"2015-06-03T08:53:11","modified_gmt":"2015-06-03T08:53:11","slug":"se-duerme-ebria-y-asfixia-su-hijo-de","status":"publish","type":"post","link":"https:\/\/formalprision.com\/?p=7208","title":{"rendered":"Se duerme ebria y asfixia a su hijo de nueve meses"},"content":{"rendered":"<p><a href=\"http:\/\/4.bp.blogspot.com\/-UQWNb0vN51U\/T1pbcPc_fnI\/AAAAAAAAGJQ\/vyqpYgD6Tdg\/s1600\/aaaaescudo%2Bde%2Bla%2Bfiscalia.jpg\"><img decoding=\"async\" id=\"BLOGGER_PHOTO_ID_5717983217642864242\" style=\"FLOAT: left; MARGIN: 0px 10px 10px 0px; WIDTH: 320px; CURSOR: hand; HEIGHT: 318px\" alt=\"\" src=\"http:\/\/formalprision.com\/wp-content\/uploads\/2012\/03\/aaaaescudo-de-la-fiscalia1.jpg\" border=\"0\" \/><\/a><\/p>\n<div>Un grave descuido de una joven madre de Hunucm\u00e1 ocasion\u00f3 una tragedia ayer al morir aplastado un ni\u00f1o de nueve meses.<br \/>El ni\u00f1o muri\u00f3 aplastado por el cuerpo de su madre, Mar\u00eda Coll\u00ed Chuc de 24 anos, cuando ambos dorm\u00edan. Los hechos tuvieron lugar en un predio de la calle 24 entre 11 y 13 de ese municipio. Los primeros reportes indican que Mar\u00eda Coll\u00ed hab\u00eda ingerido varias cervezas el d\u00eda anterior, por lo que se qued\u00f3 dormida junto a su hijo.<br \/>Al despertar se percat\u00f3 que hab\u00eda asfixiado a su hijo.<br \/>Agentes de la Polic\u00eda Municipal la detuvieron y pusieron a disposici\u00f3n de la Fiscal\u00eda General del Estado.<\/div>\n","protected":false},"excerpt":{"rendered":"<p>Un grave descuido de una joven madre de Hunucm\u00e1 ocasion\u00f3 una tragedia ayer al morir aplastado un ni\u00f1o de nueve meses.El ni\u00f1o muri\u00f3 aplastado por el cuerpo de su madre,<\/p>\n","protected":false},"author":1,"featured_media":24510,"comment_status":"open","ping_status":"open","sticky":false,"template":"","format":"standard","meta":{"jetpack_post_was_ever_published":false,"_jetpack_newsletter_access":"","_jetpack_dont_email_post_to_subs":false,"_jetpack_newsletter_tier_id":0,"_jetpack_memberships_contains_paywalled_content":false,"_jetpack_memberships_contains_paid_content":false,"footnotes":"","jetpack_publicize_message":"","jetpack_publicize_feature_enabled":true,"jetpack_social_post_already_shared":false,"jetpack_social_options":{"image_generator_settings":{"template":"highway","default_image_id":0,"font":"","enabled":false},"version":2}},"categories":[44,3,1],"tags":[],"class_list":["post-7208","post","type-post","status-publish","format-standard","has-post-thumbnail","hentry","category-morgue","category-portada","category-sin-categoria"],"jetpack_publicize_connections":[],"jetpack_featured_media_url":"https:\/\/formalprision.com\/wp-content\/uploads\/2012\/03\/aaaaescudo-de-la-fiscalia1.jpg","jetpack_sharing_enabled":true,"jetpack_shortlink":"https:\/\/wp.me\/p6id8p-1Sg","_links":{"self":[{"href":"https:\/\/formalprision.com\/index.php?rest_route=\/wp\/v2\/posts\/7208","targetHints":{"allow":["GET"]}}],"collection":[{"href":"https:\/\/formalprision.com\/index.php?rest_route=\/wp\/v2\/posts"}],"about":[{"href":"https:\/\/formalprision.com\/index.php?rest_route=\/wp\/v2\/types\/post"}],"author":[{"embeddable":true,"href":"https:\/\/formalprision.com\/index.php?rest_route=\/wp\/v2\/users\/1"}],"replies":[{"embeddable":true,"href":"https:\/\/formalprision.com\/index.php?rest_route=%2Fwp%2Fv2%2Fcomments&post=7208"}],"version-history":[{"count":0,"href":"https:\/\/formalprision.com\/index.php?rest_route=\/wp\/v2\/posts\/7208\/revisions"}],"wp:featuredmedia":[{"embeddable":true,"href":"https:\/\/formalprision.com\/index.php?rest_route=\/wp\/v2\/media\/24510"}],"wp:attachment":[{"href":"https:\/\/formalprision.com\/index.php?rest_route=%2Fwp%2Fv2%2Fmedia&parent=7208"}],"wp:term":[{"taxonomy":"category","embeddable":true,"href":"https:\/\/formalprision.com\/index.php?rest_route=%2Fwp%2Fv2%2Fcategories&post=7208"},{"taxonomy":"post_tag","embeddable":true,"href":"https:\/\/formalprision.com\/index.php?rest_route=%2Fwp%2Fv2%2Ftags&post=7208"}],"curies":[{"name":"wp","href":"https:\/\/api.w.org\/{rel}","templated":true}]}}