{"id":7209,"date":"2012-03-09T19:13:00","date_gmt":"2012-03-09T19:13:00","guid":{"rendered":"http:\/\/formalprision.info\/2012\/03\/09\/prepara-el-pan-denuncia-contra-el-pri\/"},"modified":"2015-06-03T08:53:11","modified_gmt":"2015-06-03T08:53:11","slug":"prepara-el-pan-denuncia-contra-el-pri","status":"publish","type":"post","link":"https:\/\/formalprision.com\/?p=7209","title":{"rendered":"Prepara el PAN denuncia contra el PRI por pintar las caras de los ni\u00f1os"},"content":{"rendered":"<p><a href=\"http:\/\/2.bp.blogspot.com\/-XfihV6t9NrA\/T1pYZDlx5gI\/AAAAAAAAGJE\/8X7uT-Kws_Y\/s1600\/aaasenoradelascuatrodecadas.jpg\"><img decoding=\"async\" id=\"BLOGGER_PHOTO_ID_5717979864384005634\" style=\"FLOAT: left; MARGIN: 0px 10px 10px 0px; WIDTH: 320px; CURSOR: hand; HEIGHT: 211px\" alt=\"\" src=\"http:\/\/formalprision.com\/wp-content\/uploads\/2012\/03\/aaasenoradelascuatrodecadas.jpg\" border=\"0\" \/><\/a><\/p>\n<div>A s\u00f3lo unas horas de la denuncia p\u00fablica que padres de familia de una escuela hicieron por presuntos actos de proselitismo electoral del PRI en plena \u00e9poca de silencio para los precandidatos de los partidos, el Partido Acci\u00f3n Nacional (PAN) anunci\u00f3 que interpondr\u00e1 denuncias contra el tricolor ante las autoridades electorales con el fin de que se apliquen sanciones por \u00e9stos actos anticipados de campa\u00f1a.<\/div>\n<p><\/p>\n<div>La presidenta del PAN en Progreso, Blanca Li Ortega, se\u00f1al\u00f3 que el PRI realiz\u00f3 ayer un \u00abdescarado\u00bb acto de proselitismo a la vista de todos y lo m\u00e1s seguro es que ahora que se han dado cuenta del craso error, traten de negarlo para lavar su culpa.<\/div>\n<p><\/p>\n<div>-Acudiremos al Ipepac y a trav\u00e9s de nuestra representante presentaremos una denuncia formal contra el PRI por estos hechos- afirm\u00f3.<\/div>\n<p><\/p>\n<div>Como informamos, ayer un grupo de j\u00f3venes identificados con el PRI, debido a que vest\u00edan camisetas de color rojo y portaban banderas con el logotipo de ese partido, realizaron actos que podr\u00edan considerarse como proselitismo pol\u00edtico a las puertas de la primaria Ismael Garc\u00eda de \u00e9se puerto, ubicada sobre la calle 27.Los hechos ocurrieron alrededor de las 12 p.m., a las puertas de la primaria, donde los ni\u00f1os eran invitados a participar en un \u00abfestival infantil\u00bb donde los peque\u00f1os participaron en concursos y recib\u00edan premios como pelotas y juguitos.<\/div>\n<p><\/p>\n<div>En el \u00abfestival\u00bb hab\u00eda una botarga de Ferb, de la conocida caricatura \u00abPhineas y Ferb\u00bb, as\u00ed como j\u00f3venes que invitaban a los peque\u00f1os a tomar un juguito y a \u00absumarse al PRI cuando sean grandes\u00bb.<\/div>\n<p><\/p>\n<div>Adem\u00e1s, los ni\u00f1os eran invitados al \u00abpintacarita\u00bb, en donde los j\u00f3venes, tanto hombres como mujeres, pintaron la frase \u00abPRI\u00bb y los colores verde, blanco y rojo, en las mejillas de los infantes. Numerosos ni\u00f1os ten\u00edan la cara pintada con la leyenda \u00abPRI\u00bb.<\/div>\n<p><\/p>\n<div>La l\u00edder panista del puerto manifest\u00f3 que ayer mismo les avisaron de este supuesto festival infantil que result\u00f3 proselitismo a favor del PRI y sus candidatos, en donde invitaban a los ni\u00f1os a \u00absumarse\u00bb al partido, as\u00ed como entregar regalos y juguitos a los infantes.Resulta rid\u00edculo, pues los ni\u00f1os no pueden votar y \u00e9sta actividad estaba dirigida a los infantes y a su inocencia, no a los adultos, indic\u00f3.-El mensaje es bastante claro, pues el PRI se est\u00e1 aprovechando de la inocencia de los ni\u00f1os para que al pintarles PRI y los colores verde, blanco y rojo en las mejillas, \u00e9stos lleven el mensaje priista a sus hogares- dijo Li Ortega.<\/div>\n<p><\/p>\n<div>Lo que hicieron fue \u00abdeslumbrarlos\u00bb con la botarga y los obsequios y juguitos para que lleven su mensaje proselitista de los abanderados del PRI Daniel Zacarias y Ernesto Martinez a cada uno de sus hogares y eso no es v\u00e1lido.Blanca Li afirm\u00f3 que actuar\u00e1n conforme a derecho en \u00e9ste caso, pues es claro que el PRI y sus abanderados no est\u00e1n cumpliendo con el pacto de silencio. (Con informaci\u00f3n de Progresohoy.com)<\/div>\n","protected":false},"excerpt":{"rendered":"<p>A s\u00f3lo unas horas de la denuncia p\u00fablica que padres de familia de una escuela hicieron por presuntos actos de proselitismo electoral del PRI en plena \u00e9poca de silencio para<\/p>\n","protected":false},"author":1,"featured_media":24512,"comment_status":"open","ping_status":"open","sticky":false,"template":"","format":"standard","meta":{"jetpack_post_was_ever_published":false,"_jetpack_newsletter_access":"","_jetpack_dont_email_post_to_subs":false,"_jetpack_newsletter_tier_id":0,"_jetpack_memberships_contains_paywalled_content":false,"_jetpack_memberships_contains_paid_content":false,"footnotes":"","jetpack_publicize_message":"","jetpack_publicize_feature_enabled":true,"jetpack_social_post_already_shared":false,"jetpack_social_options":{"image_generator_settings":{"template":"highway","default_image_id":0,"font":"","enabled":false},"version":2}},"categories":[45,3,1,53],"tags":[],"class_list":["post-7209","post","type-post","status-publish","format-standard","has-post-thumbnail","hentry","category-delincuentes-vip","category-portada","category-sin-categoria","category-yo-no-fui"],"jetpack_publicize_connections":[],"jetpack_featured_media_url":"https:\/\/formalprision.com\/wp-content\/uploads\/2012\/03\/aaasenoradelascuatrodecadas.jpg","jetpack_sharing_enabled":true,"jetpack_shortlink":"https:\/\/wp.me\/p6id8p-1Sh","_links":{"self":[{"href":"https:\/\/formalprision.com\/index.php?rest_route=\/wp\/v2\/posts\/7209","targetHints":{"allow":["GET"]}}],"collection":[{"href":"https:\/\/formalprision.com\/index.php?rest_route=\/wp\/v2\/posts"}],"about":[{"href":"https:\/\/formalprision.com\/index.php?rest_route=\/wp\/v2\/types\/post"}],"author":[{"embeddable":true,"href":"https:\/\/formalprision.com\/index.php?rest_route=\/wp\/v2\/users\/1"}],"replies":[{"embeddable":true,"href":"https:\/\/formalprision.com\/index.php?rest_route=%2Fwp%2Fv2%2Fcomments&post=7209"}],"version-history":[{"count":0,"href":"https:\/\/formalprision.com\/index.php?rest_route=\/wp\/v2\/posts\/7209\/revisions"}],"wp:featuredmedia":[{"embeddable":true,"href":"https:\/\/formalprision.com\/index.php?rest_route=\/wp\/v2\/media\/24512"}],"wp:attachment":[{"href":"https:\/\/formalprision.com\/index.php?rest_route=%2Fwp%2Fv2%2Fmedia&parent=7209"}],"wp:term":[{"taxonomy":"category","embeddable":true,"href":"https:\/\/formalprision.com\/index.php?rest_route=%2Fwp%2Fv2%2Fcategories&post=7209"},{"taxonomy":"post_tag","embeddable":true,"href":"https:\/\/formalprision.com\/index.php?rest_route=%2Fwp%2Fv2%2Ftags&post=7209"}],"curies":[{"name":"wp","href":"https:\/\/api.w.org\/{rel}","templated":true}]}}