{"id":7212,"date":"2012-03-08T21:13:00","date_gmt":"2012-03-08T21:13:00","guid":{"rendered":"http:\/\/formalprision.info\/2012\/03\/08\/anuncia-ssp-cambios-en-periferico-y\/"},"modified":"2015-06-03T08:53:12","modified_gmt":"2015-06-03T08:53:12","slug":"anuncia-ssp-cambios-en-periferico-y","status":"publish","type":"post","link":"https:\/\/formalprision.com\/?p=7212","title":{"rendered":"Anuncia SSP cambios en Perif\u00e9rico y sem\u00e1foro nuevo a la entrada de City Center"},"content":{"rendered":"<p><a href=\"http:\/\/4.bp.blogspot.com\/-m8FzamCGzJ4\/T1kh5B64AWI\/AAAAAAAAGIs\/5ib3ONx-PfQ\/s1600\/aaavialess.JPG\"><img decoding=\"async\" id=\"BLOGGER_PHOTO_ID_5717638465575190882\" style=\"FLOAT: left; MARGIN: 0px 10px 10px 0px; WIDTH: 320px; CURSOR: hand; HEIGHT: 213px\" alt=\"\" src=\"http:\/\/formalprision.com\/wp-content\/uploads\/2012\/03\/aaavialess.jpg\" border=\"0\" \/><\/a><\/p>\n<div>El Consejo Consultivo de Tr\u00e1nsito y Vialidad del Estado aprob\u00f3 hoy la realizaci\u00f3n de cambios viales en las zonas norte y poniente de M\u00e9rida, con el objetivo de hacer m\u00e1s \u00e1gil y segura la circulaci\u00f3n peatonal y vehicular.<br \/>La sesi\u00f3n estuvo encabezada por el Secretario de Seguridad P\u00fablica, Cmdte. Luis Felipe Said\u00e9n Ojeda, en su calidad de Presidente Ejecutivo del Consejo, con la asistencia de representantes de colegios de profesionales, instituciones de educaci\u00f3n superior, c\u00e1maras empresariales, organizaciones gremiales y de trasportistas, as\u00ed como dependencias de los tres niveles de gobierno.<br \/>Las acciones aprobadas hoy en el marco de la tercera sesi\u00f3n ordinaria del Consejo, celebrada en el edificio de la Secretar\u00eda de Seguridad P\u00fablica, son:<br \/>&#8211; Reordenamiento vial de las calles 34 y 36 de la colonia San Ram\u00f3n Norte, para hacerlas de un solo sentido, de norte a sur y sur a norte, respectivamente.<br \/>&#8211; Reordenamiento vial de las calles 43 y 45 de la misma colonia, que tendr\u00e1n circulaci\u00f3n de poniente a oriente y oriente a poniente, respectivamente.<br \/>&#8211; Instalaci\u00f3n de sem\u00e1foros en la intersecci\u00f3n de la avenida Andr\u00e9s Garc\u00eda Lav\u00edn con la Av. 29-A, a la altura del Centro Comercial City Center.<br \/>&#8211; Modificaci\u00f3n del acceso a la calle de baja velocidad del Anillo Perif\u00e9rico, a la altura del Instituto Patria, y la cancelaci\u00f3n del acceso a la calle lateral del Perif\u00e9rico a la altura del City Center.<br \/>&#8211; Ampliaci\u00f3n de la calle lateral del cuerpo externo del Perif\u00e9rico entre la Avenida Andr\u00e9s Garc\u00eda Lav\u00edn y las Torres Lavista.<br \/>&#8211; Cambio de fases de los sem\u00e1foros que regulan las intersecciones de la Av. Garc\u00eda Lav\u00edn con las calles 39 y 41.<\/p>\n<p>&#8211; Propuesta de movilidad vial de la zona poniente en el fraccionamiento Juan Pablo II, para la conectividad al Anillo Perif\u00e9rico de las avenidas 7 Diagonal y 5-B. La avenida 7 Diagonal ya tiene un cuerpo y se propone la construcci\u00f3n de otro, as\u00ed como de la avenida 5-B, con el objetivo de crear opciones para los veh\u00edculos que salen de Ciudad Caucel.<br \/>El secretario de Seguridad P\u00fablica manifest\u00f3 que el crecimiento de la ciudad y del n\u00famero de veh\u00edculos que circulan en ella hacen m\u00e1s compleja la vialidad en algunas zonas, y ante ello de toman las medidas m\u00e1s apropiadas para aliviar o solucionar cada caso, para lo cual es importante el an\u00e1lisis que se hace en el seno del Consejo, en donde est\u00e1 representada la sociedad civil junto con las instituciones p\u00fablicas.<br \/>Entre los miembros del Consejo Consultivo de Tr\u00e1nsito y Vialidad que participaron en la sesi\u00f3n de este jueves se encuentran, Marisol Lugo Ayora, presidenta de la Canacintra; Armando Chapur Achach, vicepresidente de comercio de la Canacome; David Reyes Aguiar, vicepresidente de la Coparmex; Manuel Morales Mendoza, consejero de la Canadevi; William Acevedo Azarcoya, presidente del Colegio de Abogados de Yucat\u00e1n; Jorge Aguilar y Aguilar, presidente del Colegioo de Notarios.<br \/>David, Miguel Garc\u00eda Dom\u00ednguez, del Colegio de Ingenieros Civiles; Jos\u00e9 Luis Herrera Cocom, de la facultad de Arquitectura de la UADY; Lauro Alonzo, de la facultad de Ingenier\u00eda de la UADY; H\u00e9ctor Navarrete Medina, presidente de la Asociaci\u00f3n de Hoteles; as\u00ed como los dirigentes de la Alianza de Camioneros de Yucat\u00e1n, R\u00e1pidos de M\u00e9rida y Frente \u00danico de Trabajadores del Volante, Alfonso Ram\u00edrez, Daniel Aguiar Said\u00e9n y Nerio Torres Ortiz, respectivamente.<br \/>El director de Obras P\u00fablicas del Ayuntamiento de M\u00e9rida, Antonio Duarte Brice\u00f1o; el director de la Polic\u00eda Municipal, Federico Cuesy Adri\u00e1n; entre otros.<\/div>\n","protected":false},"excerpt":{"rendered":"<p>El Consejo Consultivo de Tr\u00e1nsito y Vialidad del Estado aprob\u00f3 hoy la realizaci\u00f3n de cambios viales en las zonas norte y poniente de M\u00e9rida, con el objetivo de hacer m\u00e1s<\/p>\n","protected":false},"author":1,"featured_media":24518,"comment_status":"open","ping_status":"open","sticky":false,"template":"","format":"standard","meta":{"jetpack_post_was_ever_published":false,"_jetpack_newsletter_access":"","_jetpack_dont_email_post_to_subs":false,"_jetpack_newsletter_tier_id":0,"_jetpack_memberships_contains_paywalled_content":false,"_jetpack_memberships_contains_paid_content":false,"footnotes":"","jetpack_publicize_message":"","jetpack_publicize_feature_enabled":true,"jetpack_social_post_already_shared":false,"jetpack_social_options":{"image_generator_settings":{"template":"highway","default_image_id":0,"font":"","enabled":false},"version":2}},"categories":[3,1,49],"tags":[],"class_list":["post-7212","post","type-post","status-publish","format-standard","has-post-thumbnail","hentry","category-portada","category-sin-categoria","category-tocho-morocho"],"jetpack_publicize_connections":[],"jetpack_featured_media_url":"https:\/\/formalprision.com\/wp-content\/uploads\/2012\/03\/aaavialess.jpg","jetpack_sharing_enabled":true,"jetpack_shortlink":"https:\/\/wp.me\/p6id8p-1Sk","_links":{"self":[{"href":"https:\/\/formalprision.com\/index.php?rest_route=\/wp\/v2\/posts\/7212","targetHints":{"allow":["GET"]}}],"collection":[{"href":"https:\/\/formalprision.com\/index.php?rest_route=\/wp\/v2\/posts"}],"about":[{"href":"https:\/\/formalprision.com\/index.php?rest_route=\/wp\/v2\/types\/post"}],"author":[{"embeddable":true,"href":"https:\/\/formalprision.com\/index.php?rest_route=\/wp\/v2\/users\/1"}],"replies":[{"embeddable":true,"href":"https:\/\/formalprision.com\/index.php?rest_route=%2Fwp%2Fv2%2Fcomments&post=7212"}],"version-history":[{"count":0,"href":"https:\/\/formalprision.com\/index.php?rest_route=\/wp\/v2\/posts\/7212\/revisions"}],"wp:featuredmedia":[{"embeddable":true,"href":"https:\/\/formalprision.com\/index.php?rest_route=\/wp\/v2\/media\/24518"}],"wp:attachment":[{"href":"https:\/\/formalprision.com\/index.php?rest_route=%2Fwp%2Fv2%2Fmedia&parent=7212"}],"wp:term":[{"taxonomy":"category","embeddable":true,"href":"https:\/\/formalprision.com\/index.php?rest_route=%2Fwp%2Fv2%2Fcategories&post=7212"},{"taxonomy":"post_tag","embeddable":true,"href":"https:\/\/formalprision.com\/index.php?rest_route=%2Fwp%2Fv2%2Ftags&post=7212"}],"curies":[{"name":"wp","href":"https:\/\/api.w.org\/{rel}","templated":true}]}}