{"id":7216,"date":"2012-03-08T20:03:00","date_gmt":"2012-03-08T20:03:00","guid":{"rendered":"http:\/\/formalprision.info\/2012\/03\/08\/presunto-proselitismo-en-una-primaria\/"},"modified":"2015-06-03T08:53:13","modified_gmt":"2015-06-03T08:53:13","slug":"presunto-proselitismo-en-una-primaria","status":"publish","type":"post","link":"https:\/\/formalprision.com\/?p=7216","title":{"rendered":"Presunto proselitismo en una primaria; les pintan PRI a los ni\u00f1os en la cara"},"content":{"rendered":"<p><a href=\"http:\/\/2.bp.blogspot.com\/-NNi7mJtmTOY\/T1kSjvusTfI\/AAAAAAAAGII\/-aAlsbUj6sA\/s1600\/aacretasico.jpg\"><img decoding=\"async\" id=\"BLOGGER_PHOTO_ID_5717621607240584690\" style=\"FLOAT: left; MARGIN: 0px 10px 10px 0px; WIDTH: 283px; CURSOR: hand; HEIGHT: 320px\" alt=\"\" src=\"http:\/\/formalprision.com\/wp-content\/uploads\/2012\/03\/aacretasico.jpg\" border=\"0\" \/><\/a><\/p>\n<div>Hoy al mediod\u00eda, un grupo de j\u00f3venes identificados por la gente como del PRI y que vest\u00edan camisetas de color rojo y portaban banderas con el logotipo de ese partido, realizaron actos que podr\u00edan considerarse como proselitismo pol\u00edtico a las puertas de una primaria de ese puerto.<\/div>\n<p><\/p>\n<div>Los hechos ocurrieron alrededor de las 12 p.m., a las puertas de la primaria Ismael Garc\u00eda, ubicada en el oriente del municipio, donde los ni\u00f1os eran invitados a participar en un \u00abfestival infantil\u00bb donde los peque\u00f1os participaron en concursos y recib\u00edan premios como pelotas y juguitos.En el \u00abfestival\u00bb hab\u00eda una botarga de Ferb, de la conocida caricatura \u00abPhineas y Ferb\u00bb, as\u00ed como j\u00f3venes que invitaban a los peque\u00f1os a tomar un juguito y a \u00absumarse al PRI cuando sean grandes\u00bb.<\/div>\n<p><\/p>\n<div>Adem\u00e1s, los ni\u00f1os eran invitados al \u00abpintacarita\u00bb, en donde los j\u00f3venes, tanto hombres como mujeres, pintaron la frase \u00abPRI\u00bb y los colores verde, blanco y rojo, en las mejillas de los infantes.<\/div>\n<p><\/p>\n<div>Algunos padres de familia, cuando recog\u00edan a sus hijos a la salida de clases, protestaron por lo sucedido ante las maestras de la primaria, pero \u00e9stas dijeron que no pod\u00edan hacer nada debido a que el grupo identificado con el PRI, no estaba dentro de la escuela, sino enfrente del plantel, en la v\u00eda p\u00fablica.<\/div>\n<p><\/p>\n<div>De acuerdo con varios pap\u00e1s entrevistados, algunos paterfamilias protestaron contra los j\u00f3venes priistas que realizaban la actividad, por lo que luego de una media hora se retiraron del sitio.<\/div>\n<p><\/p>\n<div>Varios padres de familia declararon que es un \u00abdescaro\u00bb y un \u00ababuso\u00bb que el PRI realice \u00e9stas actividades en plena \u00e9poca del llamado \u00absilencio electoral\u00bb.Cuando el reportero lleg\u00f3 al lugar de los hechos avisado por varios padres de familia, los j\u00f3venes ya no estaban en el lugar, pero decenas de peque\u00f1os luc\u00edan sus mejillas pintadas como se pueden observar en las fotograf\u00edas (Informaci\u00f3n de Progresohoy.com)<\/div>\n","protected":false},"excerpt":{"rendered":"<p>Hoy al mediod\u00eda, un grupo de j\u00f3venes identificados por la gente como del PRI y que vest\u00edan camisetas de color rojo y portaban banderas con el logotipo de ese partido,<\/p>\n","protected":false},"author":1,"featured_media":24526,"comment_status":"open","ping_status":"open","sticky":false,"template":"","format":"standard","meta":{"jetpack_post_was_ever_published":false,"_jetpack_newsletter_access":"","_jetpack_dont_email_post_to_subs":false,"_jetpack_newsletter_tier_id":0,"_jetpack_memberships_contains_paywalled_content":false,"_jetpack_memberships_contains_paid_content":false,"footnotes":"","jetpack_publicize_message":"","jetpack_publicize_feature_enabled":true,"jetpack_social_post_already_shared":false,"jetpack_social_options":{"image_generator_settings":{"template":"highway","default_image_id":0,"font":"","enabled":false},"version":2}},"categories":[3,1,49,54],"tags":[],"class_list":["post-7216","post","type-post","status-publish","format-standard","has-post-thumbnail","hentry","category-portada","category-sin-categoria","category-tocho-morocho","category-yucatan"],"jetpack_publicize_connections":[],"jetpack_featured_media_url":"https:\/\/formalprision.com\/wp-content\/uploads\/2012\/03\/aacretasico.jpg","jetpack_sharing_enabled":true,"jetpack_shortlink":"https:\/\/wp.me\/p6id8p-1So","_links":{"self":[{"href":"https:\/\/formalprision.com\/index.php?rest_route=\/wp\/v2\/posts\/7216","targetHints":{"allow":["GET"]}}],"collection":[{"href":"https:\/\/formalprision.com\/index.php?rest_route=\/wp\/v2\/posts"}],"about":[{"href":"https:\/\/formalprision.com\/index.php?rest_route=\/wp\/v2\/types\/post"}],"author":[{"embeddable":true,"href":"https:\/\/formalprision.com\/index.php?rest_route=\/wp\/v2\/users\/1"}],"replies":[{"embeddable":true,"href":"https:\/\/formalprision.com\/index.php?rest_route=%2Fwp%2Fv2%2Fcomments&post=7216"}],"version-history":[{"count":0,"href":"https:\/\/formalprision.com\/index.php?rest_route=\/wp\/v2\/posts\/7216\/revisions"}],"wp:featuredmedia":[{"embeddable":true,"href":"https:\/\/formalprision.com\/index.php?rest_route=\/wp\/v2\/media\/24526"}],"wp:attachment":[{"href":"https:\/\/formalprision.com\/index.php?rest_route=%2Fwp%2Fv2%2Fmedia&parent=7216"}],"wp:term":[{"taxonomy":"category","embeddable":true,"href":"https:\/\/formalprision.com\/index.php?rest_route=%2Fwp%2Fv2%2Fcategories&post=7216"},{"taxonomy":"post_tag","embeddable":true,"href":"https:\/\/formalprision.com\/index.php?rest_route=%2Fwp%2Fv2%2Ftags&post=7216"}],"curies":[{"name":"wp","href":"https:\/\/api.w.org\/{rel}","templated":true}]}}