{"id":7242,"date":"2012-03-02T22:52:00","date_gmt":"2012-03-02T22:52:00","guid":{"rendered":"http:\/\/formalprision.info\/2012\/03\/02\/cae-zar-de-la-pirateria-en-merida\/"},"modified":"2015-06-03T08:53:17","modified_gmt":"2015-06-03T08:53:17","slug":"cae-zar-de-la-pirateria-en-merida","status":"publish","type":"post","link":"https:\/\/formalprision.com\/?p=7242","title":{"rendered":"Cae zar de la pirater\u00eda en M\u00e9rida"},"content":{"rendered":"<p><a href=\"http:\/\/3.bp.blogspot.com\/-jea6qeo1JYo\/T1B95e2rB_I\/AAAAAAAAGB4\/dS7en7TUFjw\/s1600\/aaaaahorsi.jpg\"><img decoding=\"async\" id=\"BLOGGER_PHOTO_ID_5715206353621551090\" style=\"FLOAT: left; MARGIN: 0px 10px 10px 0px; WIDTH: 320px; CURSOR: hand; HEIGHT: 222px\" alt=\"\" src=\"http:\/\/formalprision.com\/wp-content\/uploads\/2012\/03\/aaaaahorsi.jpg\" border=\"0\" \/><\/a><\/p>\n<div>Agentes de la Polic\u00eda Federal Ministerial detuvieron a William Alberto Ch\u00e9rrez Alamilla, se\u00f1alado como uno de los zares de la pirater\u00eda musical y de video en M\u00e9rida.<br \/>El sujeto fue detenido en cumplimiento de una orden de aprehensi\u00f3n girada al comprobarse que era suyo un cargamento de poco m\u00e1s de 118,000 productos ap\u00f3crifos asegurados hace dos a\u00f1os en una bodega del centro de M\u00e9rida.<br \/>El decomiso lo realiz\u00f3 en abril de 2010 la Secretar\u00eda de Seguridad P\u00fablica en una bodega de la calle 61 entre 54 y 56 del centro.<br \/>Se aseguraron 118, 720 discos musicales y pel\u00edculas en DVD, un televisor, un amplificador y $8000 en efectivo, entre otras cosas.<br \/>Ese d\u00eda se detuvo a Ch\u00e9rrez junto con Jorge Mezeta Medrano, Julio Pech Carde\u00f1a, Alberto Cisneros Puc, Luis Armando Canul Tun y Jos\u00e9 Eulogio Pech Uicab, aunque todos recuperaron su libertad con las reservas de ley.<br \/>El expediente sigui\u00f3 su curso hasta que el Juzgado Tercero de Distrito determin\u00f3 que el due\u00f1o de la mercanc\u00eda era Ch\u00e9rrez , por lo que orden\u00f3 su aprehensi\u00f3n, misma que fue concretada por los agentes federales.<br \/>El delito que se le atribuye es en materia de Derechos de Autor, en la modalidad de almacenamiento de copia de fonogramas y videogramas.<br \/>Este delito por el momento no permite libertad bajo fianza <\/div>\n","protected":false},"excerpt":{"rendered":"<p>Agentes de la Polic\u00eda Federal Ministerial detuvieron a William Alberto Ch\u00e9rrez Alamilla, se\u00f1alado como uno de los zares de la pirater\u00eda musical y de video en M\u00e9rida.El sujeto fue detenido<\/p>\n","protected":false},"author":1,"featured_media":24577,"comment_status":"open","ping_status":"open","sticky":false,"template":"","format":"standard","meta":{"jetpack_post_was_ever_published":false,"_jetpack_newsletter_access":"","_jetpack_dont_email_post_to_subs":false,"_jetpack_newsletter_tier_id":0,"_jetpack_memberships_contains_paywalled_content":false,"_jetpack_memberships_contains_paid_content":false,"footnotes":"","jetpack_publicize_message":"","jetpack_publicize_feature_enabled":true,"jetpack_social_post_already_shared":false,"jetpack_social_options":{"image_generator_settings":{"template":"highway","default_image_id":0,"font":"","enabled":false},"version":2}},"categories":[45,3,1],"tags":[],"class_list":["post-7242","post","type-post","status-publish","format-standard","has-post-thumbnail","hentry","category-delincuentes-vip","category-portada","category-sin-categoria"],"jetpack_publicize_connections":[],"jetpack_featured_media_url":"https:\/\/formalprision.com\/wp-content\/uploads\/2012\/03\/aaaaahorsi.jpg","jetpack_sharing_enabled":true,"jetpack_shortlink":"https:\/\/wp.me\/p6id8p-1SO","_links":{"self":[{"href":"https:\/\/formalprision.com\/index.php?rest_route=\/wp\/v2\/posts\/7242","targetHints":{"allow":["GET"]}}],"collection":[{"href":"https:\/\/formalprision.com\/index.php?rest_route=\/wp\/v2\/posts"}],"about":[{"href":"https:\/\/formalprision.com\/index.php?rest_route=\/wp\/v2\/types\/post"}],"author":[{"embeddable":true,"href":"https:\/\/formalprision.com\/index.php?rest_route=\/wp\/v2\/users\/1"}],"replies":[{"embeddable":true,"href":"https:\/\/formalprision.com\/index.php?rest_route=%2Fwp%2Fv2%2Fcomments&post=7242"}],"version-history":[{"count":0,"href":"https:\/\/formalprision.com\/index.php?rest_route=\/wp\/v2\/posts\/7242\/revisions"}],"wp:featuredmedia":[{"embeddable":true,"href":"https:\/\/formalprision.com\/index.php?rest_route=\/wp\/v2\/media\/24577"}],"wp:attachment":[{"href":"https:\/\/formalprision.com\/index.php?rest_route=%2Fwp%2Fv2%2Fmedia&parent=7242"}],"wp:term":[{"taxonomy":"category","embeddable":true,"href":"https:\/\/formalprision.com\/index.php?rest_route=%2Fwp%2Fv2%2Fcategories&post=7242"},{"taxonomy":"post_tag","embeddable":true,"href":"https:\/\/formalprision.com\/index.php?rest_route=%2Fwp%2Fv2%2Ftags&post=7242"}],"curies":[{"name":"wp","href":"https:\/\/api.w.org\/{rel}","templated":true}]}}