{"id":7254,"date":"2012-02-29T21:44:00","date_gmt":"2012-02-29T21:44:00","guid":{"rendered":"http:\/\/formalprision.info\/2012\/02\/29\/mujer-policia-destaca-en-cuerpo-de\/"},"modified":"2015-06-03T08:53:22","modified_gmt":"2015-06-03T08:53:22","slug":"mujer-policia-destaca-en-cuerpo-de","status":"publish","type":"post","link":"https:\/\/formalprision.com\/?p=7254","title":{"rendered":"Mujer polic\u00eda destaca en cuerpo de elite yucateco"},"content":{"rendered":"<p><a href=\"http:\/\/1.bp.blogspot.com\/-J85EALOEIqA\/T06jJ8qhyLI\/AAAAAAAAGAk\/_jc26j62q_8\/s1600\/aaacharito.JPG\"><img decoding=\"async\" id=\"BLOGGER_PHOTO_ID_5714684368478390450\" style=\"FLOAT: left; MARGIN: 0px 10px 10px 0px; WIDTH: 240px; CURSOR: hand; HEIGHT: 320px\" alt=\"\" src=\"http:\/\/formalprision.com\/wp-content\/uploads\/2012\/02\/aaacharito.jpg\" border=\"0\" \/><\/a><\/p>\n<div>Pese a que a primera vista tiene una figura fr\u00e1gil y a que no rebasa el 1.60 de estatura, una joven meridana destaca entre los mejores polic\u00edas del grupo de elite de la Polic\u00eda Ministerial estatal.<br \/>Con el arduo trabajo diario, Mar\u00eda del Rosario Matos Calder\u00f3n se ha ganado el respeto y la admiraci\u00f3n de sus compa\u00f1eros polic\u00edas, que, como ella, conforman el grupo ROCA de la Polic\u00eda Ministerial.<br \/>Charito, como es conocida en la corporaci\u00f3n, es una de las pocas mujeres que pertenecen a un cuerpo de \u00e9lite polic\u00edaco en Yucat\u00e1n.Es integrante del Grupo Roca, en el que ha militado 13 a\u00f1os, aunque tambi\u00e9n estuvo tres a\u00f1os en la Secretar\u00eda de Protecci\u00f3n y Vialidad, hoy conocida como Secretar\u00eda de Seguridad P\u00fablica.<br \/>Esta mujer polic\u00eda es experta en el manejo de armas, incluso de rifles de asalto que por lo general son dif\u00edciles de operar por mujeres.<br \/>Ha recibido capacitaci\u00f3n especial, entre ellos el adiestramiento antisecuestros que recientemente impartieron expertos colombianos a polic\u00edas de elite de la Fiscal\u00eda General del Estado.<br \/>Charito combina su dif\u00edcil profesi\u00f3n con la de madre responsable, pues tiene cuatro hijos y est\u00e1 divorciada desde hace un buen tiempo, por lo que ella debe hacerse cargo en todos los sentidos de sus peque\u00f1os.<br \/>A pesar de que combinar ambas tareas es algo dif\u00edcil, Matos Calder\u00f3n dice no estar arrepentida de ser polic\u00eda, pues a es un trabajo que le llena de satisfacciones, sobre todo cuando contribuye directamente a combatir a la delincuencia en la entidad. (Yucat\u00e1n Press) <\/div>\n","protected":false},"excerpt":{"rendered":"<p>Pese a que a primera vista tiene una figura fr\u00e1gil y a que no rebasa el 1.60 de estatura, una joven meridana destaca entre los mejores polic\u00edas del grupo de<\/p>\n","protected":false},"author":1,"featured_media":24601,"comment_status":"open","ping_status":"open","sticky":false,"template":"","format":"standard","meta":{"jetpack_post_was_ever_published":false,"_jetpack_newsletter_access":"","_jetpack_dont_email_post_to_subs":false,"_jetpack_newsletter_tier_id":0,"_jetpack_memberships_contains_paywalled_content":false,"_jetpack_memberships_contains_paid_content":false,"footnotes":"","jetpack_publicize_message":"","jetpack_publicize_feature_enabled":true,"jetpack_social_post_already_shared":false,"jetpack_social_options":{"image_generator_settings":{"template":"highway","default_image_id":0,"font":"","enabled":false},"version":2}},"categories":[3,1,49],"tags":[],"class_list":["post-7254","post","type-post","status-publish","format-standard","has-post-thumbnail","hentry","category-portada","category-sin-categoria","category-tocho-morocho"],"jetpack_publicize_connections":[],"jetpack_featured_media_url":"https:\/\/formalprision.com\/wp-content\/uploads\/2012\/02\/aaacharito.jpg","jetpack_sharing_enabled":true,"jetpack_shortlink":"https:\/\/wp.me\/p6id8p-1T0","_links":{"self":[{"href":"https:\/\/formalprision.com\/index.php?rest_route=\/wp\/v2\/posts\/7254","targetHints":{"allow":["GET"]}}],"collection":[{"href":"https:\/\/formalprision.com\/index.php?rest_route=\/wp\/v2\/posts"}],"about":[{"href":"https:\/\/formalprision.com\/index.php?rest_route=\/wp\/v2\/types\/post"}],"author":[{"embeddable":true,"href":"https:\/\/formalprision.com\/index.php?rest_route=\/wp\/v2\/users\/1"}],"replies":[{"embeddable":true,"href":"https:\/\/formalprision.com\/index.php?rest_route=%2Fwp%2Fv2%2Fcomments&post=7254"}],"version-history":[{"count":0,"href":"https:\/\/formalprision.com\/index.php?rest_route=\/wp\/v2\/posts\/7254\/revisions"}],"wp:featuredmedia":[{"embeddable":true,"href":"https:\/\/formalprision.com\/index.php?rest_route=\/wp\/v2\/media\/24601"}],"wp:attachment":[{"href":"https:\/\/formalprision.com\/index.php?rest_route=%2Fwp%2Fv2%2Fmedia&parent=7254"}],"wp:term":[{"taxonomy":"category","embeddable":true,"href":"https:\/\/formalprision.com\/index.php?rest_route=%2Fwp%2Fv2%2Fcategories&post=7254"},{"taxonomy":"post_tag","embeddable":true,"href":"https:\/\/formalprision.com\/index.php?rest_route=%2Fwp%2Fv2%2Ftags&post=7254"}],"curies":[{"name":"wp","href":"https:\/\/api.w.org\/{rel}","templated":true}]}}