{"id":72642,"date":"2019-05-31T22:29:21","date_gmt":"2019-06-01T03:29:21","guid":{"rendered":"http:\/\/formalprision.com\/?p=72642"},"modified":"2019-05-31T22:29:29","modified_gmt":"2019-06-01T03:29:29","slug":"mauricio-vila-y-titular-de-fonatur-revisan-avances-del-tren-maya","status":"publish","type":"post","link":"https:\/\/formalprision.com\/?p=72642","title":{"rendered":"Mauricio Vila y titular de Fonatur revisan avances del Tren Maya"},"content":{"rendered":"\n<p>M\u00e9rida, Yucat\u00e1n, 31 de mayo de 2019.- El gobernador Mauricio Vila Dosal se reuni\u00f3 este d\u00eda con el director del Fondo Nacional de Fomento al Turismo (Fonatur), Rogelio Jim\u00e9nez Pons, con quien revis\u00f3 los avances del proyecto del Tren Maya que impulsa el presidente Andr\u00e9s Manuel L\u00f3pez Obrador para detonar el desarrollo de la zona sureste del pa\u00eds.<\/p>\n\n\n\n<p>Despu\u00e9s de una intensa gira de trabajo por Valladolid, Vila Dosal sostuvo un encuentro con Jim\u00e9nez Pons para analizar la ruta, las v\u00edas, estaciones y el impacto que este plan de infraestructura tendr\u00e1 en su paso por el territorio yucateco, as\u00ed como la infraestructura complementaria que se requiere para la operatividad del tren, que representa una mayor conectividad para la regi\u00f3n.<\/p>\n\n\n\n<p>De esta manera, contin\u00faa el di\u00e1logo y el trabajo coordinado entre autoridades estatales y federales, a fin de desarrollar las acciones conjuntas que contribuyan a obtener m\u00e1s y mejores resultados en beneficio de los yucatecos.<\/p>\n\n\n\n<p>En la reuni\u00f3n tambi\u00e9n se abordaron punts como el inicio de los trabajos para el estudio del proyecto y posteriormente el an\u00e1lisis de las actividades en el campo; tambi\u00e9n se estar\u00edan considerando el impacto ambiental y la consulta con las comunidades ind\u00edgenas. En el encuentro participaron el titular de la Secretar\u00eda de Fomento Econ\u00f3mico y Trabajo (Sefoet), Ernesto Herrera Novelo; el coordinador general de Asesores del Gobernador, \u00c1lvaro Juanes Laviada; el director del Patronato de las Unidades Culturales y Tur\u00edsticas del Estado (Cultur), Mauricio D\u00edaz Montalvo y el director del Instituto de Movilidad y Desarrollo Urbano Territorial (IMDUT), Aref Karam Esp\u00f3sitos. (Comunicado de Prensa)<\/p>\n","protected":false},"excerpt":{"rendered":"<p>M\u00e9rida, Yucat\u00e1n, 31 de mayo de 2019.- El gobernador Mauricio Vila Dosal se reuni\u00f3 este d\u00eda con el director del Fondo Nacional de Fomento al Turismo (Fonatur), Rogelio Jim\u00e9nez Pons,<\/p>\n","protected":false},"author":1,"featured_media":72643,"comment_status":"open","ping_status":"open","sticky":false,"template":"","format":"standard","meta":{"jetpack_post_was_ever_published":false,"_jetpack_newsletter_access":"","_jetpack_dont_email_post_to_subs":false,"_jetpack_newsletter_tier_id":0,"_jetpack_memberships_contains_paywalled_content":false,"_jetpack_memberships_contains_paid_content":false,"footnotes":"","jetpack_publicize_message":"","jetpack_publicize_feature_enabled":true,"jetpack_social_post_already_shared":true,"jetpack_social_options":{"image_generator_settings":{"template":"highway","default_image_id":0,"font":"","enabled":false},"version":2}},"categories":[14],"tags":[],"class_list":["post-72642","post","type-post","status-publish","format-standard","has-post-thumbnail","hentry","category-merida"],"jetpack_publicize_connections":[],"jetpack_featured_media_url":"https:\/\/formalprision.com\/wp-content\/uploads\/2019\/05\/IMG_4227.jpg","jetpack_sharing_enabled":true,"jetpack_shortlink":"https:\/\/wp.me\/p6id8p-iTE","_links":{"self":[{"href":"https:\/\/formalprision.com\/index.php?rest_route=\/wp\/v2\/posts\/72642","targetHints":{"allow":["GET"]}}],"collection":[{"href":"https:\/\/formalprision.com\/index.php?rest_route=\/wp\/v2\/posts"}],"about":[{"href":"https:\/\/formalprision.com\/index.php?rest_route=\/wp\/v2\/types\/post"}],"author":[{"embeddable":true,"href":"https:\/\/formalprision.com\/index.php?rest_route=\/wp\/v2\/users\/1"}],"replies":[{"embeddable":true,"href":"https:\/\/formalprision.com\/index.php?rest_route=%2Fwp%2Fv2%2Fcomments&post=72642"}],"version-history":[{"count":0,"href":"https:\/\/formalprision.com\/index.php?rest_route=\/wp\/v2\/posts\/72642\/revisions"}],"wp:featuredmedia":[{"embeddable":true,"href":"https:\/\/formalprision.com\/index.php?rest_route=\/wp\/v2\/media\/72643"}],"wp:attachment":[{"href":"https:\/\/formalprision.com\/index.php?rest_route=%2Fwp%2Fv2%2Fmedia&parent=72642"}],"wp:term":[{"taxonomy":"category","embeddable":true,"href":"https:\/\/formalprision.com\/index.php?rest_route=%2Fwp%2Fv2%2Fcategories&post=72642"},{"taxonomy":"post_tag","embeddable":true,"href":"https:\/\/formalprision.com\/index.php?rest_route=%2Fwp%2Fv2%2Ftags&post=72642"}],"curies":[{"name":"wp","href":"https:\/\/api.w.org\/{rel}","templated":true}]}}