{"id":72649,"date":"2019-06-01T12:17:00","date_gmt":"2019-06-01T17:17:00","guid":{"rendered":"http:\/\/formalprision.com\/?p=72649"},"modified":"2019-06-01T12:17:08","modified_gmt":"2019-06-01T17:17:08","slug":"secuestra-a-una-meridana-y-a-su-hija-para-violarlas-dos-dias-seguidos","status":"publish","type":"post","link":"https:\/\/formalprision.com\/?p=72649","title":{"rendered":"Secuestra a una meridana y a su hija para violarlas dos d\u00edas seguidos"},"content":{"rendered":"\n<p>Por abusar de una mujer y la hija adolescente de \u00e9sta, ayer fue detenido mediante orden de aprehensi\u00f3n Ignacio F. C..<\/p>\n\n\n\n<p>Fue imputado y vinculado por los delitos de privaci\u00f3n ilegal de la libertad (2), violaci\u00f3n equiparada y violaci\u00f3n equiparada agravada, ya que no s\u00f3lo abuso de las mujeres sino que las mantuvo encerrada durante los d\u00edas que las ultraj\u00f3.<\/p>\n\n\n\n<p>Los hechos tuvieron lugar en febrero pasado en la colonia San Antonio Xluch III, en el sur de Merida, aunque en esa ocasi\u00f3n logr\u00f3 escapar de la justicia.<\/p>\n\n\n\n<p>Al tenerlo a su disposici\u00f3n, la juez de control Ileana Georgina Dom\u00ednguez Zapata le impuso la medida cautelar de prisi\u00f3n preventiva por todo el tiempo que dure el proceso, adem\u00e1s de que estableci\u00f3 el cierre de investigaci\u00f3n complementaria en tres meses.<\/p>\n\n\n\n<p>Seg\u00fan el expediente, el 10 de febrero, el ahora procesado entr\u00f3 a la casa de la denunciante, a quien conoc\u00eda.<\/p>\n\n\n\n<p>Cuando vio a la mujer, la sujet\u00f3 del brazo derecho y con jalones logr\u00f3 someterla, y le dijo que no hiciera ruido, que no gritara y que lo obedeciera, pues de lo contrario la iba a matar.<\/p>\n\n\n\n<p>Ya que se posesion\u00f3 de la situaci\u00f3n, durante dos d\u00edas abuso de la denunciante y de su hija menor de edad. <\/p>\n\n\n\n<p>Seg\u00fan la quejosa, las manten\u00eda vigiladas y s\u00f3lo iban al ba\u00f1o, previa autorizaci\u00f3n del ahora procesado, quien pr\u00e1cticamente las dejaba solas cuando se acostaban a dormir.<\/p>\n\n\n\n<p>Tras dos d\u00edas de martirio, el 12 de febrero, la mujer logr\u00f3 salir para pedir ayuda, pero cuando regres\u00f3 ya se hab\u00eda marchado el atacante.<\/p>\n","protected":false},"excerpt":{"rendered":"<p>Por abusar de una mujer y la hija adolescente de \u00e9sta, ayer fue detenido mediante orden de aprehensi\u00f3n Ignacio F. C.. Fue imputado y vinculado por los delitos de privaci\u00f3n<\/p>\n","protected":false},"author":1,"featured_media":72650,"comment_status":"open","ping_status":"open","sticky":false,"template":"","format":"standard","meta":{"jetpack_post_was_ever_published":false,"_jetpack_newsletter_access":"","_jetpack_dont_email_post_to_subs":false,"_jetpack_newsletter_tier_id":0,"_jetpack_memberships_contains_paywalled_content":false,"_jetpack_memberships_contains_paid_content":false,"footnotes":"","jetpack_publicize_message":"","jetpack_publicize_feature_enabled":true,"jetpack_social_post_already_shared":true,"jetpack_social_options":{"image_generator_settings":{"template":"highway","default_image_id":0,"font":"","enabled":false},"version":2}},"categories":[3,55],"tags":[],"class_list":["post-72649","post","type-post","status-publish","format-standard","has-post-thumbnail","hentry","category-portada","category-violines"],"jetpack_publicize_connections":[],"jetpack_featured_media_url":"https:\/\/formalprision.com\/wp-content\/uploads\/2019\/06\/IMG_4232.jpg","jetpack_sharing_enabled":true,"jetpack_shortlink":"https:\/\/wp.me\/p6id8p-iTL","_links":{"self":[{"href":"https:\/\/formalprision.com\/index.php?rest_route=\/wp\/v2\/posts\/72649","targetHints":{"allow":["GET"]}}],"collection":[{"href":"https:\/\/formalprision.com\/index.php?rest_route=\/wp\/v2\/posts"}],"about":[{"href":"https:\/\/formalprision.com\/index.php?rest_route=\/wp\/v2\/types\/post"}],"author":[{"embeddable":true,"href":"https:\/\/formalprision.com\/index.php?rest_route=\/wp\/v2\/users\/1"}],"replies":[{"embeddable":true,"href":"https:\/\/formalprision.com\/index.php?rest_route=%2Fwp%2Fv2%2Fcomments&post=72649"}],"version-history":[{"count":0,"href":"https:\/\/formalprision.com\/index.php?rest_route=\/wp\/v2\/posts\/72649\/revisions"}],"wp:featuredmedia":[{"embeddable":true,"href":"https:\/\/formalprision.com\/index.php?rest_route=\/wp\/v2\/media\/72650"}],"wp:attachment":[{"href":"https:\/\/formalprision.com\/index.php?rest_route=%2Fwp%2Fv2%2Fmedia&parent=72649"}],"wp:term":[{"taxonomy":"category","embeddable":true,"href":"https:\/\/formalprision.com\/index.php?rest_route=%2Fwp%2Fv2%2Fcategories&post=72649"},{"taxonomy":"post_tag","embeddable":true,"href":"https:\/\/formalprision.com\/index.php?rest_route=%2Fwp%2Fv2%2Ftags&post=72649"}],"curies":[{"name":"wp","href":"https:\/\/api.w.org\/{rel}","templated":true}]}}