{"id":7270,"date":"2012-02-25T17:13:00","date_gmt":"2012-02-25T17:13:00","guid":{"rendered":"http:\/\/formalprision.info\/2012\/02\/25\/primer-pescador-muerto-por\/"},"modified":"2015-06-03T08:53:25","modified_gmt":"2015-06-03T08:53:25","slug":"primer-pescador-muerto-por","status":"publish","type":"post","link":"https:\/\/formalprision.com\/?p=7270","title":{"rendered":"Primer pescador muerto por descompresi\u00f3n de la temporada de pepino de mar"},"content":{"rendered":"<p><a href=\"http:\/\/4.bp.blogspot.com\/-HgYaXfEMntY\/T0iM4RoctaI\/AAAAAAAAF9k\/9FrkweIYwLU\/s1600\/aaaaescudo%2Bde%2Bla%2Bfiscalia.jpg\"><img decoding=\"async\" id=\"BLOGGER_PHOTO_ID_5712971025753093538\" style=\"FLOAT: left; MARGIN: 0px 10px 10px 0px; WIDTH: 320px; CURSOR: hand; HEIGHT: 318px\" alt=\"\" src=\"http:\/\/formalprision.com\/wp-content\/uploads\/2012\/02\/aaaaescudo-de-la-fiscalia1.jpg\" border=\"0\" \/><\/a><\/p>\n<div>Un pescador progrese\u00f1o falleci\u00f3 ayer en Celest\u00fan por descompresi\u00f3n.<br \/>El pescador, quien ten\u00eda 36 a\u00f1os de edad, participaba buceando, pues se dedicaba a la captura de pepino de mar, con lo que se convierte en el primer muerto de la incipiente temporada de pesca de esta especie.<br \/>Trabajaba en la lancha VMCM 5, de V\u00edctor Manuel Cruz May.<br \/>Sufri\u00f3 la descompresi\u00f3n estando a 20 millas de Celest\u00fan, a las 13 horas, por lo que fue subido a la lancha y llevado de urgencia al Centro de Salud de Celest\u00fan. Pero un par de horas despu\u00e9s les informaron que ya hab\u00eda muerto.<\/div>\n","protected":false},"excerpt":{"rendered":"<p>Un pescador progrese\u00f1o falleci\u00f3 ayer en Celest\u00fan por descompresi\u00f3n.El pescador, quien ten\u00eda 36 a\u00f1os de edad, participaba buceando, pues se dedicaba a la captura de pepino de mar, con lo<\/p>\n","protected":false},"author":1,"featured_media":24632,"comment_status":"open","ping_status":"open","sticky":false,"template":"","format":"standard","meta":{"jetpack_post_was_ever_published":false,"_jetpack_newsletter_access":"","_jetpack_dont_email_post_to_subs":false,"_jetpack_newsletter_tier_id":0,"_jetpack_memberships_contains_paywalled_content":false,"_jetpack_memberships_contains_paid_content":false,"footnotes":"","jetpack_publicize_message":"","jetpack_publicize_feature_enabled":true,"jetpack_social_post_already_shared":false,"jetpack_social_options":{"image_generator_settings":{"template":"highway","default_image_id":0,"font":"","enabled":false},"version":2}},"categories":[44,3,1],"tags":[],"class_list":["post-7270","post","type-post","status-publish","format-standard","has-post-thumbnail","hentry","category-morgue","category-portada","category-sin-categoria"],"jetpack_publicize_connections":[],"jetpack_featured_media_url":"https:\/\/formalprision.com\/wp-content\/uploads\/2012\/02\/aaaaescudo-de-la-fiscalia1.jpg","jetpack_sharing_enabled":true,"jetpack_shortlink":"https:\/\/wp.me\/p6id8p-1Tg","_links":{"self":[{"href":"https:\/\/formalprision.com\/index.php?rest_route=\/wp\/v2\/posts\/7270","targetHints":{"allow":["GET"]}}],"collection":[{"href":"https:\/\/formalprision.com\/index.php?rest_route=\/wp\/v2\/posts"}],"about":[{"href":"https:\/\/formalprision.com\/index.php?rest_route=\/wp\/v2\/types\/post"}],"author":[{"embeddable":true,"href":"https:\/\/formalprision.com\/index.php?rest_route=\/wp\/v2\/users\/1"}],"replies":[{"embeddable":true,"href":"https:\/\/formalprision.com\/index.php?rest_route=%2Fwp%2Fv2%2Fcomments&post=7270"}],"version-history":[{"count":0,"href":"https:\/\/formalprision.com\/index.php?rest_route=\/wp\/v2\/posts\/7270\/revisions"}],"wp:featuredmedia":[{"embeddable":true,"href":"https:\/\/formalprision.com\/index.php?rest_route=\/wp\/v2\/media\/24632"}],"wp:attachment":[{"href":"https:\/\/formalprision.com\/index.php?rest_route=%2Fwp%2Fv2%2Fmedia&parent=7270"}],"wp:term":[{"taxonomy":"category","embeddable":true,"href":"https:\/\/formalprision.com\/index.php?rest_route=%2Fwp%2Fv2%2Fcategories&post=7270"},{"taxonomy":"post_tag","embeddable":true,"href":"https:\/\/formalprision.com\/index.php?rest_route=%2Fwp%2Fv2%2Ftags&post=7270"}],"curies":[{"name":"wp","href":"https:\/\/api.w.org\/{rel}","templated":true}]}}