{"id":7271,"date":"2012-02-24T23:12:00","date_gmt":"2012-02-24T23:12:00","guid":{"rendered":"http:\/\/formalprision.info\/2012\/02\/24\/esclarece-la-ssp-robos-en-escuela\/"},"modified":"2015-06-03T08:53:25","modified_gmt":"2015-06-03T08:53:25","slug":"esclarece-la-ssp-robos-en-escuela","status":"publish","type":"post","link":"https:\/\/formalprision.com\/?p=7271","title":{"rendered":"Esclarece la SSP robos en escuela; detiene al ladr\u00f3n y recupera el bot\u00edn"},"content":{"rendered":"<p><a href=\"http:\/\/3.bp.blogspot.com\/-DULKL8PJnN4\/T0gbHSZfgJI\/AAAAAAAAF9Y\/YOhrwQsxoec\/s1600\/aawwivisis.jpg\"><img decoding=\"async\" id=\"BLOGGER_PHOTO_ID_5712845939331268754\" style=\"FLOAT: left; MARGIN: 0px 10px 10px 0px; WIDTH: 320px; CURSOR: hand; HEIGHT: 240px\" alt=\"\" src=\"http:\/\/formalprision.com\/wp-content\/uploads\/2012\/02\/aawwivisis.jpg\" border=\"0\" \/><\/a><\/p>\n<div>Elementos de la Secretar\u00eda de Seguridad P\u00fablica detuvieron a Jonathan Sa\u00fal Osorio Cetina. De 18 a\u00f1os de edad, como presunto responsable de robos cometidos en la escuela \u201cJoaqu\u00edn Ceballos Mimenza\u201d.<br \/>El sujeto fue aprehendido esta madrugada, poco despu\u00e9s de que brinc\u00f3 la barda del plantel y forz\u00f3 la puerta de una de las aulas, de la que sustrajo una engargoladora, un regulador de voltaje, un cargador de bater\u00edas y materiales diversos, los cuales llevaba en una bolsa negra.<br \/>El director de la escuela, Humberto Alonzo Puerto Pech, identific\u00f3 al sujeto y reconoci\u00f3 los art\u00edculos robados.<br \/>Cuando los polic\u00edas estatales detuvieron al presunto ladr\u00f3n, en la calle 38 por 73 \u2013muy cerca de edificio escolar- \u00e9ste les dijo que con anterioridad rob\u00f3 del mismo lugar una pantalla de plasma, una computadora port\u00e1til y un monitor, y que se los ofrec\u00eda como soborno si lo dejaban escapar.<br \/>Los elementos de la SSP trasladaron Osorio Cetina a cada sitio donde hab\u00eda dejado los art\u00edculos hurtados anteriormente: En la calle 73 por 26 y 28 de la colonia Vicente Sol\u00eds una pantalla de plasma que vendi\u00f3 a H\u00e9ctor Jos\u00e9 Rivero y que fue recuperada.<br \/>En la calle 30 calle 30-A x 75 y 77 de la misma colonia dej\u00f3 encomendado un monitor que los habitantes del predio se negaron a devolver. El sujeto llevaba en una bolsa del pantal\u00f3n una boleta de empe\u00f1o del comercio llamado \u201cDinero F\u00e1cil\u201d, donde dej\u00f3 la computadora port\u00e1til.<br \/>Osorio Cetina alias \u00abEl Click\u00bb se encontraba intoxicado con marihuana y fue trasladado a la c\u00e1rcel. No es la primera vez que ingresa, en tres ocasiones anteriores ingres\u00f3 a la c\u00e1rcel (2009, 2010 y 2011).<br \/>Fue denunciado ante el Ministerio P\u00fablico en la agencia 10 con n\u00famero de denuncia 267 <\/div>\n","protected":false},"excerpt":{"rendered":"<p>Elementos de la Secretar\u00eda de Seguridad P\u00fablica detuvieron a Jonathan Sa\u00fal Osorio Cetina. De 18 a\u00f1os de edad, como presunto responsable de robos cometidos en la escuela \u201cJoaqu\u00edn Ceballos Mimenza\u201d.El<\/p>\n","protected":false},"author":1,"featured_media":24634,"comment_status":"open","ping_status":"open","sticky":false,"template":"","format":"standard","meta":{"jetpack_post_was_ever_published":false,"_jetpack_newsletter_access":"","_jetpack_dont_email_post_to_subs":false,"_jetpack_newsletter_tier_id":0,"_jetpack_memberships_contains_paywalled_content":false,"_jetpack_memberships_contains_paid_content":false,"footnotes":"","jetpack_publicize_message":"","jetpack_publicize_feature_enabled":true,"jetpack_social_post_already_shared":false,"jetpack_social_options":{"image_generator_settings":{"template":"highway","default_image_id":0,"font":"","enabled":false},"version":2}},"categories":[45,3,1],"tags":[],"class_list":["post-7271","post","type-post","status-publish","format-standard","has-post-thumbnail","hentry","category-delincuentes-vip","category-portada","category-sin-categoria"],"jetpack_publicize_connections":[],"jetpack_featured_media_url":"https:\/\/formalprision.com\/wp-content\/uploads\/2012\/02\/aawwivisis.jpg","jetpack_sharing_enabled":true,"jetpack_shortlink":"https:\/\/wp.me\/p6id8p-1Th","_links":{"self":[{"href":"https:\/\/formalprision.com\/index.php?rest_route=\/wp\/v2\/posts\/7271","targetHints":{"allow":["GET"]}}],"collection":[{"href":"https:\/\/formalprision.com\/index.php?rest_route=\/wp\/v2\/posts"}],"about":[{"href":"https:\/\/formalprision.com\/index.php?rest_route=\/wp\/v2\/types\/post"}],"author":[{"embeddable":true,"href":"https:\/\/formalprision.com\/index.php?rest_route=\/wp\/v2\/users\/1"}],"replies":[{"embeddable":true,"href":"https:\/\/formalprision.com\/index.php?rest_route=%2Fwp%2Fv2%2Fcomments&post=7271"}],"version-history":[{"count":0,"href":"https:\/\/formalprision.com\/index.php?rest_route=\/wp\/v2\/posts\/7271\/revisions"}],"wp:featuredmedia":[{"embeddable":true,"href":"https:\/\/formalprision.com\/index.php?rest_route=\/wp\/v2\/media\/24634"}],"wp:attachment":[{"href":"https:\/\/formalprision.com\/index.php?rest_route=%2Fwp%2Fv2%2Fmedia&parent=7271"}],"wp:term":[{"taxonomy":"category","embeddable":true,"href":"https:\/\/formalprision.com\/index.php?rest_route=%2Fwp%2Fv2%2Fcategories&post=7271"},{"taxonomy":"post_tag","embeddable":true,"href":"https:\/\/formalprision.com\/index.php?rest_route=%2Fwp%2Fv2%2Ftags&post=7271"}],"curies":[{"name":"wp","href":"https:\/\/api.w.org\/{rel}","templated":true}]}}