{"id":72748,"date":"2019-06-08T21:38:17","date_gmt":"2019-06-09T02:38:17","guid":{"rendered":"http:\/\/formalprision.com\/?p=72748"},"modified":"2019-06-08T21:38:24","modified_gmt":"2019-06-09T02:38:24","slug":"mauricio-vila-respalda-al-presidente-lopez-obrador-en-el-acuerdo-mexico-estados-unidos","status":"publish","type":"post","link":"https:\/\/formalprision.com\/?p=72748","title":{"rendered":"Mauricio Vila respalda al Presidente L\u00f3pez Obrador en el acuerdo M\u00e9xico- Estados Unidos"},"content":{"rendered":"\n<p>Tijuana, Baja California, 8 de junio de 2019.- El Gobernador Mauricio Vila Dosal asisti\u00f3 este s\u00e1bado a la reuni\u00f3n convocada por el presidente Andr\u00e9s Manuel L\u00f3pez Obrador en la ciudad fronteriza de Tijuana, Baja California, para expresar solidaridad en este evento de unidad nacional ante el acuerdo alcanzado el d\u00eda de ayer entre M\u00e9xico y Estados Unidos.<\/p>\n\n\n\n<p>Vila Dosal acudi\u00f3 a este acto en respaldo a este acuerdo alcanzado el d\u00eda de ayer entre el Gobierno Federal mexicano y los Estados Unidos  mediante el di\u00e1logo entre ambas naciones y que evit\u00f3 el incremento de aranceles para nuestro pa\u00eds, con lo que Yucat\u00e1n, como muestra de solidaridad, reconoci\u00f3 esta soluci\u00f3n positiva. <\/p>\n\n\n\n<p>De esta manera, Vila Dosal se uni\u00f3 a Gobernadores de otros estados, senadores, diputados de diversas bancadas representadas en el Congreso de la Uni\u00f3n, as\u00ed como Alcaldes, organizaciones civiles, ciudadanos y dirigentes empresariales, para reconocer este acuerdo favorable en la relaci\u00f3n comercial entre M\u00e9xico y Estados Unidos.<\/p>\n","protected":false},"excerpt":{"rendered":"<p>Tijuana, Baja California, 8 de junio de 2019.- El Gobernador Mauricio Vila Dosal asisti\u00f3 este s\u00e1bado a la reuni\u00f3n convocada por el presidente Andr\u00e9s Manuel L\u00f3pez Obrador en la ciudad<\/p>\n","protected":false},"author":1,"featured_media":72749,"comment_status":"open","ping_status":"open","sticky":false,"template":"","format":"standard","meta":{"jetpack_post_was_ever_published":false,"_jetpack_newsletter_access":"","_jetpack_dont_email_post_to_subs":false,"_jetpack_newsletter_tier_id":0,"_jetpack_memberships_contains_paywalled_content":false,"_jetpack_memberships_contains_paid_content":false,"footnotes":"","jetpack_publicize_message":"","jetpack_publicize_feature_enabled":true,"jetpack_social_post_already_shared":true,"jetpack_social_options":{"image_generator_settings":{"template":"highway","default_image_id":0,"font":"","enabled":false},"version":2}},"categories":[17],"tags":[],"class_list":["post-72748","post","type-post","status-publish","format-standard","has-post-thumbnail","hentry","category-politica-y-gobierno"],"jetpack_publicize_connections":[],"jetpack_featured_media_url":"https:\/\/formalprision.com\/wp-content\/uploads\/2019\/06\/2F6AFD9D-32EF-4F11-93FE-CE259A1D26FD.jpeg","jetpack_sharing_enabled":true,"jetpack_shortlink":"https:\/\/wp.me\/p6id8p-iVm","_links":{"self":[{"href":"https:\/\/formalprision.com\/index.php?rest_route=\/wp\/v2\/posts\/72748","targetHints":{"allow":["GET"]}}],"collection":[{"href":"https:\/\/formalprision.com\/index.php?rest_route=\/wp\/v2\/posts"}],"about":[{"href":"https:\/\/formalprision.com\/index.php?rest_route=\/wp\/v2\/types\/post"}],"author":[{"embeddable":true,"href":"https:\/\/formalprision.com\/index.php?rest_route=\/wp\/v2\/users\/1"}],"replies":[{"embeddable":true,"href":"https:\/\/formalprision.com\/index.php?rest_route=%2Fwp%2Fv2%2Fcomments&post=72748"}],"version-history":[{"count":0,"href":"https:\/\/formalprision.com\/index.php?rest_route=\/wp\/v2\/posts\/72748\/revisions"}],"wp:featuredmedia":[{"embeddable":true,"href":"https:\/\/formalprision.com\/index.php?rest_route=\/wp\/v2\/media\/72749"}],"wp:attachment":[{"href":"https:\/\/formalprision.com\/index.php?rest_route=%2Fwp%2Fv2%2Fmedia&parent=72748"}],"wp:term":[{"taxonomy":"category","embeddable":true,"href":"https:\/\/formalprision.com\/index.php?rest_route=%2Fwp%2Fv2%2Fcategories&post=72748"},{"taxonomy":"post_tag","embeddable":true,"href":"https:\/\/formalprision.com\/index.php?rest_route=%2Fwp%2Fv2%2Ftags&post=72748"}],"curies":[{"name":"wp","href":"https:\/\/api.w.org\/{rel}","templated":true}]}}