{"id":72949,"date":"2019-06-21T16:43:31","date_gmt":"2019-06-21T21:43:31","guid":{"rendered":"http:\/\/formalprision.com\/?p=72949"},"modified":"2019-06-22T10:49:12","modified_gmt":"2019-06-22T15:49:12","slug":"libra-la-carcel-mininarco-yucateco-colaborador-del-crimen-organizado","status":"publish","type":"post","link":"https:\/\/formalprision.com\/?p=72949","title":{"rendered":"Libra la c\u00e1rcel mininarco yucateco colaborador del crimen organizado"},"content":{"rendered":"\n<p>Polic\u00edas de la SSP detuvieron a finales de mayo a Kareem Abdul Farah Gordillo, quien llevaba marihuana y coca\u00edna en el veh\u00edculo que conduc\u00eda a exceso de velocidad en Ciudad Caucel.<\/p>\n\n\n\n<p>El sujeto es originario de Ticul, pero vivi\u00f3 muchos a\u00f1os en Playa del Carmen, donde era considerado el n\u00famero dos al mando en \u00abLos Sure\u00f1os\u201d, peligrosa pandilla al servicio de la organizaci\u00f3n criminal \u201cLos Zetas\u201d <\/p>\n\n\n\n<p>Sin embargo, no dur\u00f3 mucho tiempo preso, toda vez que ayer la Juez Primero de Control, Suemy del Rosario Lizama S\u00e1nchez, aprob\u00f3 el beneficio de la suspensi\u00f3n condicional en favor del sujeto y le concedi\u00f3 la libertad condicional.<\/p>\n\n\n\n<p>Tras su detenci\u00f3n, se le imputaron cargos por delito contra la salud en la variante de posesi\u00f3n simple de marihuana y coca\u00edna.<\/p>\n\n\n\n<p>En la audiencia, la juez accedi\u00f3 a concederle el beneficio de la suspensi\u00f3n condicional del proceso por 6 meses, para lo cual deber\u00e1 residir en un predio determinado, prestar servicio social a favor del Estado por 72 horas, tener un empleo, acudir a firmar cada mes y no salir de la entidad.<\/p>\n\n\n\n<p>En los hechos que obran en la carpeta de investigaci\u00f3n se indica que el 23 de mayo, elementos estatales le cerraron el paso a Farah Gordillo en la calle 59 por 82 y 84 del fraccionamiento Los Almendros, en Ciudad Caucel, cuando conduc\u00eda un Pointer con placas de Quintana Roo, ya que cometi\u00f3 una infracci\u00f3n al reglamento de tr\u00e1nsito.<\/p>\n\n\n\n<p>Al ser sometido a una revisi\u00f3n se le ocup\u00f3 una bolsa con varias bolsitas con polvo blanco y cuatro ladrillos de hierba seca que result\u00f3 ser marihuana.<\/p>\n\n\n\n<p>Consta en los archivos delincuenciales que en 2012&#8242; a la edad de 24 a\u00f1os, fue detenido en Playa del Carmen por venderle droga sint\u00e9tica a estudiantes de secundaria.<\/p>\n\n\n\n<p>Abdul Farah fue se\u00f1alado en ese entonces como el segundo al mando en la pandilla \u00abSur 13\u00bb, cuyos miembros son conocidos tambi\u00e9n como \u00abLos Sure\u00f1os\u00bb y que est\u00e1n al servicio de \u00abLos Zetas\u00bb<\/p>\n\n\n\n<p>Tal y como su pandilla lo pide, el sujeto tiene diversos tatuajes en la parte del pecho y el n\u00famero 13 marcado entre ambos brazos. <\/p>\n\n\n\n<p>Se cree que sali\u00f3 huyendo de Quintana Roo y lleg\u00f3 a Merida, pero contin\u00faa en la actividad il\u00edcita.<\/p>\n","protected":false},"excerpt":{"rendered":"<p>Polic\u00edas de la SSP detuvieron a finales de mayo a Kareem Abdul Farah Gordillo, quien llevaba marihuana y coca\u00edna en el veh\u00edculo que conduc\u00eda a exceso de velocidad en Ciudad<\/p>\n","protected":false},"author":1,"featured_media":72950,"comment_status":"open","ping_status":"open","sticky":false,"template":"","format":"standard","meta":{"jetpack_post_was_ever_published":false,"_jetpack_newsletter_access":"","_jetpack_dont_email_post_to_subs":false,"_jetpack_newsletter_tier_id":0,"_jetpack_memberships_contains_paywalled_content":false,"_jetpack_memberships_contains_paid_content":false,"footnotes":"","jetpack_publicize_message":"","jetpack_publicize_feature_enabled":true,"jetpack_social_post_already_shared":true,"jetpack_social_options":{"image_generator_settings":{"template":"highway","default_image_id":0,"font":"","enabled":false},"version":2}},"categories":[47,3],"tags":[],"class_list":["post-72949","post","type-post","status-publish","format-standard","has-post-thumbnail","hentry","category-narcos","category-portada"],"jetpack_publicize_connections":[],"jetpack_featured_media_url":"https:\/\/formalprision.com\/wp-content\/uploads\/2019\/06\/eZy-Watermark_21-06-2019_04-17-32p.m..png","jetpack_sharing_enabled":true,"jetpack_shortlink":"https:\/\/wp.me\/p6id8p-iYB","_links":{"self":[{"href":"https:\/\/formalprision.com\/index.php?rest_route=\/wp\/v2\/posts\/72949","targetHints":{"allow":["GET"]}}],"collection":[{"href":"https:\/\/formalprision.com\/index.php?rest_route=\/wp\/v2\/posts"}],"about":[{"href":"https:\/\/formalprision.com\/index.php?rest_route=\/wp\/v2\/types\/post"}],"author":[{"embeddable":true,"href":"https:\/\/formalprision.com\/index.php?rest_route=\/wp\/v2\/users\/1"}],"replies":[{"embeddable":true,"href":"https:\/\/formalprision.com\/index.php?rest_route=%2Fwp%2Fv2%2Fcomments&post=72949"}],"version-history":[{"count":0,"href":"https:\/\/formalprision.com\/index.php?rest_route=\/wp\/v2\/posts\/72949\/revisions"}],"wp:featuredmedia":[{"embeddable":true,"href":"https:\/\/formalprision.com\/index.php?rest_route=\/wp\/v2\/media\/72950"}],"wp:attachment":[{"href":"https:\/\/formalprision.com\/index.php?rest_route=%2Fwp%2Fv2%2Fmedia&parent=72949"}],"wp:term":[{"taxonomy":"category","embeddable":true,"href":"https:\/\/formalprision.com\/index.php?rest_route=%2Fwp%2Fv2%2Fcategories&post=72949"},{"taxonomy":"post_tag","embeddable":true,"href":"https:\/\/formalprision.com\/index.php?rest_route=%2Fwp%2Fv2%2Ftags&post=72949"}],"curies":[{"name":"wp","href":"https:\/\/api.w.org\/{rel}","templated":true}]}}