{"id":72963,"date":"2019-06-22T10:53:29","date_gmt":"2019-06-22T15:53:29","guid":{"rendered":"http:\/\/formalprision.com\/?p=72963"},"modified":"2019-06-22T10:54:19","modified_gmt":"2019-06-22T15:54:19","slug":"por-pruebas-insuficientes-liberan-a-pinatero-acusado-de-violar-a-nina-de-10-anos","status":"publish","type":"post","link":"https:\/\/formalprision.com\/?p=72963","title":{"rendered":"Por pruebas insuficientes, liberan a pi\u00f1atero acusado de violar a ni\u00f1a de 10 a\u00f1os"},"content":{"rendered":"\n<p>El Segundo Tribunal de Juicio absolvi\u00f3 por unanimidad al \u00abpi\u00f1atero\u00bb Marcelo Efra\u00edn Cuellar Marroqu\u00edn, acusado de abusar de una ni\u00f1a de 10 a\u00f1os en Pacabt\u00fan.<\/p>\n\n\n\n<p>Fue liberado pr\u00e1cticamente por un tecnicismo, pues fue procesado por el delito de violaci\u00f3n equiparada agravada, cuando debi\u00f3 de acus\u00e1rsele de abuso sexual equiparado agravado, toda vez que su defensa argument\u00f3 y prob\u00f3 que no hubo penetraci\u00f3n, con lo que no se configura la violaci\u00f3n.<\/p>\n\n\n\n<p>Tras varias horas de deliberar en torno a las pruebas aportadas por las partes, los jueces Mar\u00eda del Socorro Tamayo Aranda, Sergio Marfil G\u00f3mez y Ver\u00f3nica de Jes\u00fas Burgos P\u00e9rez declararon la sentencia absolutoria en favor del imputado y lo dejaron en inmediata libertad.<\/p>\n\n\n\n<p>La prueba contundente que favoreci\u00f3 al pi\u00f1atero, ofrecida por su defensor, el licenciado Emiliano Zapata, fue una pericial cuyo resultado indic\u00f3 que no hubo penetraci\u00f3n en la menor como se afirma en la acusaci\u00f3n, lo que deriv\u00f3 en la sentencia absolutoria por falta de pruebas.<\/p>\n\n\n\n<p>Los hechos, como informamos, se registraron el pasado 30 de diciembre del 2018, alrededor de las 21:15 horas, cuando la menor agraviada pas\u00f3 a las puertas de un predio de la calle 49 entre la 46 y 48 del fraccionamiento Pacabt\u00fan, donde el sujeto exhibe las pi\u00f1atas que fabrica.<\/p>\n\n\n\n<p>Seg\u00fan la Fiscal\u00eda, lo acusado aprovech\u00f3 que la ni\u00f1a se acerc\u00f3 a apreciar las pi\u00f1atas, la jal\u00f3 del brazo, la meti\u00f3 a la casa, le tap\u00f3 la boca para evitar que pidiera ayuda y la llev\u00f3 hasta el rinc\u00f3n de la habitaci\u00f3n, donde le quit\u00f3 las ropas y le meti\u00f3 los dedos hasta hacerla sangrar.<\/p>\n\n\n\n<p>De acuerdo con la indagatoria, la peque\u00f1a logr\u00f3 salir del lugar y pedir ayuda, por lo que el presunto abusador fue detenido y consignado.<\/p>\n\n\n\n<p>La parte afectada, a trav\u00e9s de la Fiscal\u00eda, a\u00fan puede apelar la resoluci\u00f3n.<\/p>\n","protected":false},"excerpt":{"rendered":"<p>El Segundo Tribunal de Juicio absolvi\u00f3 por unanimidad al \u00abpi\u00f1atero\u00bb Marcelo Efra\u00edn Cuellar Marroqu\u00edn, acusado de abusar de una ni\u00f1a de 10 a\u00f1os en Pacabt\u00fan. Fue liberado pr\u00e1cticamente por un<\/p>\n","protected":false},"author":1,"featured_media":72073,"comment_status":"open","ping_status":"open","sticky":false,"template":"","format":"standard","meta":{"jetpack_post_was_ever_published":false,"_jetpack_newsletter_access":"","_jetpack_dont_email_post_to_subs":false,"_jetpack_newsletter_tier_id":0,"_jetpack_memberships_contains_paywalled_content":false,"_jetpack_memberships_contains_paid_content":false,"footnotes":"","jetpack_publicize_message":"","jetpack_publicize_feature_enabled":true,"jetpack_social_post_already_shared":true,"jetpack_social_options":{"image_generator_settings":{"template":"highway","default_image_id":0,"font":"","enabled":false},"version":2}},"categories":[3,55,53],"tags":[],"class_list":["post-72963","post","type-post","status-publish","format-standard","has-post-thumbnail","hentry","category-portada","category-violines","category-yo-no-fui"],"jetpack_publicize_connections":[],"jetpack_featured_media_url":"https:\/\/formalprision.com\/wp-content\/uploads\/2019\/04\/IMG_3766.jpg","jetpack_sharing_enabled":true,"jetpack_shortlink":"https:\/\/wp.me\/p6id8p-iYP","_links":{"self":[{"href":"https:\/\/formalprision.com\/index.php?rest_route=\/wp\/v2\/posts\/72963","targetHints":{"allow":["GET"]}}],"collection":[{"href":"https:\/\/formalprision.com\/index.php?rest_route=\/wp\/v2\/posts"}],"about":[{"href":"https:\/\/formalprision.com\/index.php?rest_route=\/wp\/v2\/types\/post"}],"author":[{"embeddable":true,"href":"https:\/\/formalprision.com\/index.php?rest_route=\/wp\/v2\/users\/1"}],"replies":[{"embeddable":true,"href":"https:\/\/formalprision.com\/index.php?rest_route=%2Fwp%2Fv2%2Fcomments&post=72963"}],"version-history":[{"count":0,"href":"https:\/\/formalprision.com\/index.php?rest_route=\/wp\/v2\/posts\/72963\/revisions"}],"wp:featuredmedia":[{"embeddable":true,"href":"https:\/\/formalprision.com\/index.php?rest_route=\/wp\/v2\/media\/72073"}],"wp:attachment":[{"href":"https:\/\/formalprision.com\/index.php?rest_route=%2Fwp%2Fv2%2Fmedia&parent=72963"}],"wp:term":[{"taxonomy":"category","embeddable":true,"href":"https:\/\/formalprision.com\/index.php?rest_route=%2Fwp%2Fv2%2Fcategories&post=72963"},{"taxonomy":"post_tag","embeddable":true,"href":"https:\/\/formalprision.com\/index.php?rest_route=%2Fwp%2Fv2%2Ftags&post=72963"}],"curies":[{"name":"wp","href":"https:\/\/api.w.org\/{rel}","templated":true}]}}