{"id":72966,"date":"2019-06-22T14:33:26","date_gmt":"2019-06-22T19:33:26","guid":{"rendered":"http:\/\/formalprision.com\/?p=72966"},"modified":"2019-06-22T14:33:28","modified_gmt":"2019-06-22T19:33:28","slug":"recibe-mauricio-vila-al-presidente-lopez-obrador-en-su-tercera-visita-a-yucatan","status":"publish","type":"post","link":"https:\/\/formalprision.com\/?p=72966","title":{"rendered":"Recibe Mauricio Vila al Presidente L\u00f3pez Obrador en su tercera visita a Yucat\u00e1n"},"content":{"rendered":"\n<p>M\u00e9rida, Yucat\u00e1n, 22 de junio de 2019.- El Gobernador Mauricio Vila Dosal recibi\u00f3 este d\u00eda al Presidente Andr\u00e9s Manuel L\u00f3pez Obrador en su tercera visita a Yucat\u00e1n, en la cual realiza una gira de trabajo para entregar apoyos de los Programas Integrales para Bienestar.<\/p>\n\n\n\n<p>El Presidente L\u00f3pez Obrador arrib\u00f3, junto con su esposa <em>Beatriz Guti\u00e9rrez M\u00fcller<\/em>, a la 1:57 pm en el vuelo 515 de Aerom\u00e9xico al aeropuerto internacional Manuel Crescencio Rej\u00f3n de esta ciudad, donde ya lo esperaba Vila Dosal para encabezar dos eventos, los cuales se llevan a cabo en el complejo deportivo La Inal\u00e1mbrica de M\u00e9rida, y  en el campo de b\u00e9isbol Antonio \u201cNegro\u201d Aguilar de la Unidad Deportiva Claudio Alcocer de Valladolid.<\/p>\n","protected":false},"excerpt":{"rendered":"<p>M\u00e9rida, Yucat\u00e1n, 22 de junio de 2019.- El Gobernador Mauricio Vila Dosal recibi\u00f3 este d\u00eda al Presidente Andr\u00e9s Manuel L\u00f3pez Obrador en su tercera visita a Yucat\u00e1n, en la cual<\/p>\n","protected":false},"author":1,"featured_media":72967,"comment_status":"open","ping_status":"open","sticky":false,"template":"","format":"standard","meta":{"jetpack_post_was_ever_published":false,"_jetpack_newsletter_access":"","_jetpack_dont_email_post_to_subs":false,"_jetpack_newsletter_tier_id":0,"_jetpack_memberships_contains_paywalled_content":false,"_jetpack_memberships_contains_paid_content":false,"footnotes":"","jetpack_publicize_message":"","jetpack_publicize_feature_enabled":true,"jetpack_social_post_already_shared":true,"jetpack_social_options":{"image_generator_settings":{"template":"highway","default_image_id":0,"font":"","enabled":false},"version":2}},"categories":[17],"tags":[],"class_list":["post-72966","post","type-post","status-publish","format-standard","has-post-thumbnail","hentry","category-politica-y-gobierno"],"jetpack_publicize_connections":[],"jetpack_featured_media_url":"https:\/\/formalprision.com\/wp-content\/uploads\/2019\/06\/1916CCBB-910B-47E2-B68C-DE17B120C7AE.jpeg","jetpack_sharing_enabled":true,"jetpack_shortlink":"https:\/\/wp.me\/p6id8p-iYS","_links":{"self":[{"href":"https:\/\/formalprision.com\/index.php?rest_route=\/wp\/v2\/posts\/72966","targetHints":{"allow":["GET"]}}],"collection":[{"href":"https:\/\/formalprision.com\/index.php?rest_route=\/wp\/v2\/posts"}],"about":[{"href":"https:\/\/formalprision.com\/index.php?rest_route=\/wp\/v2\/types\/post"}],"author":[{"embeddable":true,"href":"https:\/\/formalprision.com\/index.php?rest_route=\/wp\/v2\/users\/1"}],"replies":[{"embeddable":true,"href":"https:\/\/formalprision.com\/index.php?rest_route=%2Fwp%2Fv2%2Fcomments&post=72966"}],"version-history":[{"count":0,"href":"https:\/\/formalprision.com\/index.php?rest_route=\/wp\/v2\/posts\/72966\/revisions"}],"wp:featuredmedia":[{"embeddable":true,"href":"https:\/\/formalprision.com\/index.php?rest_route=\/wp\/v2\/media\/72967"}],"wp:attachment":[{"href":"https:\/\/formalprision.com\/index.php?rest_route=%2Fwp%2Fv2%2Fmedia&parent=72966"}],"wp:term":[{"taxonomy":"category","embeddable":true,"href":"https:\/\/formalprision.com\/index.php?rest_route=%2Fwp%2Fv2%2Fcategories&post=72966"},{"taxonomy":"post_tag","embeddable":true,"href":"https:\/\/formalprision.com\/index.php?rest_route=%2Fwp%2Fv2%2Ftags&post=72966"}],"curies":[{"name":"wp","href":"https:\/\/api.w.org\/{rel}","templated":true}]}}