{"id":72970,"date":"2019-06-22T17:28:16","date_gmt":"2019-06-22T22:28:16","guid":{"rendered":"http:\/\/formalprision.com\/?p=72970"},"modified":"2019-06-22T17:28:23","modified_gmt":"2019-06-22T22:28:23","slug":"tenemos-los-tamanos-para-defender-la-dignidad-del-pri-alejandro-moreno","status":"publish","type":"post","link":"https:\/\/formalprision.com\/?p=72970","title":{"rendered":"Tenemos los tama\u00f1os para defender la dignidad del PRI: Alejandro Moreno"},"content":{"rendered":"\n<p>Ciudad de M\u00e9xico, 22 de junio de 2019.- \u201cTenemos los tama\u00f1os para defender la dignidad del partido; y el car\u00e1cter para convertir esa dignidad, en una fortaleza democr\u00e1tica\u201d, afirm\u00f3 Alejandro Moreno C\u00e1rdenas, luego de registrar su  candidatura a la dirigencia nacional del Partido Revolucionario Institucional, junto con su compa\u00f1era de f\u00f3rmula, Carolina Viggiano Austria.<\/p>\n\n\n\n<p>Consider\u00f3 que el partido que hoy gobierna, Morena, es \u201cuna ave de paso\u201d, que gobierna hoy, pero \u201cma\u00f1ana se ir\u00e1\u201d.<\/p>\n\n\n\n<p>Luego de comprometerse a trabajar por la unidad del partido, pero no una unidad abstracta, sino unaque privilegie la fuerza de la militancia, estableci\u00f3 que \u201cel partido que hoy gobierna, es oficialmente un partido, pero estructuralmente no lo es\u201d; por eso, afirmo \u201cque Morena es una ave de paso: naci\u00f3 ayer, gobierna hoy y ma\u00f1ana se ir\u00e1\u201d.<\/p>\n\n\n\n<p>En el auditorio \u201cPlutarco El\u00edas Calles\u201d, que luci\u00f3 repleto de militantes de toda la Rep\u00fablica, en la sede nacional del partido, advirti\u00f3 que \u201ctenemos los tama\u00f1os para defender la dignidad del partido; y el car\u00e1cter para convertir esa dignidad, en una fortaleza democr\u00e1tica\u201d.<\/p>\n\n\n\n<p>Advirti\u00f3 enseguida: \u201cQue se cuiden los otros partidos. El PRI va a regresar y les va a ganar. Somos m\u00e1s partido que cualquier otro\u201d.<br>\nMoreno C\u00e1rdenas destac\u00f3 que \u201cqueremos realizar la reforma partidista m\u00e1s grande de la historia de todo M\u00e9xico\u201d, y reconoci\u00f3 que \u201cnecesitamos la fuerza de las bases, esa sangre nueva que tiene hambre y sed de oportunidades; hambre y sed de justicia; y ganas de aportar todo para construir la vida democr\u00e1tica de nuestro partido\u201d.<\/p>\n\n\n\n<p>Dijo que mientras los otros luchan por el poder, por el poder mismo, \u201cnosotros luchamos por el poder para ponerlo al servicio de la gente, de la militancia y de los ciudadanos\u201d, de ah\u00ed que, asever\u00f3, \u201catrav\u00e9s de toda la historia pol\u00edtica de M\u00e9xico, el mayor y mejor ejemplo de cercan\u00eda con la gente, es el del PRI\u201d.<\/p>\n\n\n\n<p>Por otra parte, Moreno C\u00e1rdenas se\u00f1al\u00f3 que \u201cM\u00e9xico merece un mejor PRI y necesita un mejor PRI; y ese es el PRI que juntos vamos a edificar\u201d.<\/p>\n\n\n\n<p>\u201cLa dirigencia que necesita este partido, es de priistas que est\u00e9n siempre presentes, nunca ausentes\u201d, puntualiz\u00f3.<\/p>\n\n\n\n<p>Subray\u00f3 que, en su caso, como en el de Carolina Viggiano Austria, y millones de militantes, \u201csomos priistas en las buenas y en las malas, pero ya nos cansamos de las malas y vamos a construir las nuevas grandes victorias de nuestro partido\u201d.<\/p>\n\n\n\n<p>Para ello, expres\u00f3: \u201cle vamos a regresar la esencia al PRI, pero una esencia recargada. Impulsar\u00e9 un PRI real, un partido que haga sentir orgullosa a la militancia, un PRI que reconozca la capacidad, pero tambi\u00e9n valore la lealtad y el sacrificio\u201d.<\/p>\n\n\n\n<p>En ese punto, destac\u00f3 que \u201clos priistas de ocasi\u00f3n ya no est\u00e1n, pero aqu\u00ed estamos los priistas de convicci\u00f3n, dando la cara por el partido, dando la cara por la militancia, dando la cara por ese mejor PRI que todos queremos\u201d.<\/p>\n\n\n\n<p>Anticip\u00f3 que respetar\u00e1 a todos los que se registren en el proceso interno; pero aclar\u00f3 que \u201csi alguien se inscribiera no para contender, sino solo para dividir, se va a topar con la fuerza de la militancia y con la voluntad democr\u00e1tica de los priistas\u201d.<\/p>\n\n\n\n<p>Y expres\u00f3: \u201cQuien critique y no proponga, quien est\u00e9 en contra de todo y a favor de nada, quien no quiera la unidad y le apueste a la divisi\u00f3n, no quiere al partido y no quiere su transformaci\u00f3n\u201d.<\/p>\n\n\n\n<p>Explic\u00f3 que \u201cvenimos a registrarnos no para competir, sino para ganar, con todo el orgullo de nuestra militancia, porque quienes van a decidir la dirigencia ser\u00e1n los militantes. Un orgullo que debe estar muy por encima de quienes pretenden decir que somos un partido peque\u00f1o\u201d.<\/p>\n\n\n\n<p>Dio a conocer que en las pr\u00f3ximas semanas recorrer\u00e1n las 32 entidades federativas; y en los pr\u00f3ximos cuatro a\u00f1os los m\u00e1s de 2450 municipios del pa\u00eds.<br>\nAnunci\u00f3 que \u201cel PRI que vamos a construir, es el PRI que d\u00e9 respuestas a los millones de mexicanos que menos tienen\u201d y que est\u00e9 de parte de los millones de mexicanos honestos, que generan riqueza y empleo.<\/p>\n\n\n\n<p>Inform\u00f3 que en el 2020 se convocar\u00e1 a una gran asamblea nacional, que dar\u00e1 respuesta al reclamo democr\u00e1tico de la militancia.<br>\n\u201cProponemos un partido m\u00e1s horizontal, con decisiones colegiadas que nazcan de la fuerza de la militancia; un partido progresista, un partido moderno y digital, que conecte con el M\u00e9xico de hoy y del ma\u00f1ana, para comunicarse mejor con la sociedad\u201d, manifest\u00f3.<\/p>\n\n\n\n<p>Por su parte, Carolina Viggiano Austria afirm\u00f3 que, junto con la militancia, \u201clograremos ser la oposici\u00f3n que M\u00e9xico merece\u201d.<\/p>\n\n\n\n<p>El PRI ser\u00e1, asever\u00f3, \u201cuna oposici\u00f3n fuerte, competitiva, combativa, que levante la voz ante las injusticias\u201d.<br>\nInform\u00f3 que la dirigencia partidista que ambos encabezar\u00e1n ser\u00e1 una que defienda con firmeza a la militancia, y que la gente sepa lo que puede esperrar de nosotros para reconquistar su confianza.<\/p>\n\n\n\n<p>Ante la Comisi\u00f3n Nacional de Procesos Internos Moreno C\u00e1rdenas y Viggiano Austria entregaron las firmas de siete sectores del PRI, de 30 comit\u00e9s directivos estatales, de 5 mil 352 consejeros estatales y 240 consejeros nacionales, para respaldar su candidatura. (Comunicado de Prensa)<\/p>\n","protected":false},"excerpt":{"rendered":"<p>Ciudad de M\u00e9xico, 22 de junio de 2019.- \u201cTenemos los tama\u00f1os para defender la dignidad del partido; y el car\u00e1cter para convertir esa dignidad, en una fortaleza democr\u00e1tica\u201d, afirm\u00f3 Alejandro<\/p>\n","protected":false},"author":1,"featured_media":72971,"comment_status":"open","ping_status":"open","sticky":false,"template":"","format":"standard","meta":{"jetpack_post_was_ever_published":false,"_jetpack_newsletter_access":"","_jetpack_dont_email_post_to_subs":false,"_jetpack_newsletter_tier_id":0,"_jetpack_memberships_contains_paywalled_content":false,"_jetpack_memberships_contains_paid_content":false,"footnotes":"","jetpack_publicize_message":"","jetpack_publicize_feature_enabled":true,"jetpack_social_post_already_shared":true,"jetpack_social_options":{"image_generator_settings":{"template":"highway","default_image_id":0,"font":"","enabled":false},"version":2}},"categories":[14],"tags":[],"class_list":["post-72970","post","type-post","status-publish","format-standard","has-post-thumbnail","hentry","category-merida"],"jetpack_publicize_connections":[],"jetpack_featured_media_url":"https:\/\/formalprision.com\/wp-content\/uploads\/2019\/06\/4677F3D5-9874-4322-BEDE-6C4E35CD2646.jpeg","jetpack_sharing_enabled":true,"jetpack_shortlink":"https:\/\/wp.me\/p6id8p-iYW","_links":{"self":[{"href":"https:\/\/formalprision.com\/index.php?rest_route=\/wp\/v2\/posts\/72970","targetHints":{"allow":["GET"]}}],"collection":[{"href":"https:\/\/formalprision.com\/index.php?rest_route=\/wp\/v2\/posts"}],"about":[{"href":"https:\/\/formalprision.com\/index.php?rest_route=\/wp\/v2\/types\/post"}],"author":[{"embeddable":true,"href":"https:\/\/formalprision.com\/index.php?rest_route=\/wp\/v2\/users\/1"}],"replies":[{"embeddable":true,"href":"https:\/\/formalprision.com\/index.php?rest_route=%2Fwp%2Fv2%2Fcomments&post=72970"}],"version-history":[{"count":0,"href":"https:\/\/formalprision.com\/index.php?rest_route=\/wp\/v2\/posts\/72970\/revisions"}],"wp:featuredmedia":[{"embeddable":true,"href":"https:\/\/formalprision.com\/index.php?rest_route=\/wp\/v2\/media\/72971"}],"wp:attachment":[{"href":"https:\/\/formalprision.com\/index.php?rest_route=%2Fwp%2Fv2%2Fmedia&parent=72970"}],"wp:term":[{"taxonomy":"category","embeddable":true,"href":"https:\/\/formalprision.com\/index.php?rest_route=%2Fwp%2Fv2%2Fcategories&post=72970"},{"taxonomy":"post_tag","embeddable":true,"href":"https:\/\/formalprision.com\/index.php?rest_route=%2Fwp%2Fv2%2Ftags&post=72970"}],"curies":[{"name":"wp","href":"https:\/\/api.w.org\/{rel}","templated":true}]}}