{"id":7316,"date":"2012-02-09T20:20:00","date_gmt":"2012-02-09T20:20:00","guid":{"rendered":"http:\/\/formalprision.info\/2012\/02\/09\/ya-era-hora-muere-los-101-anos-de-edad\/"},"modified":"2015-06-03T08:53:37","modified_gmt":"2015-06-03T08:53:37","slug":"ya-era-hora-muere-los-101-anos-de-edad","status":"publish","type":"post","link":"https:\/\/formalprision.com\/?p=7316","title":{"rendered":"Ya era hora: muere a los 101 a\u00f1os de edad"},"content":{"rendered":"<p><a href=\"http:\/\/2.bp.blogspot.com\/-mBwRhIlhxoU\/TzQkSE1_pKI\/AAAAAAAAF08\/n9m7IhRBSho\/s1600\/aaaaescudo%2Bde%2Bla%2Bfiscalia.jpg\"><img decoding=\"async\" id=\"BLOGGER_PHOTO_ID_5707226520741717154\" style=\"FLOAT: left; MARGIN: 0px 10px 10px 0px; WIDTH: 320px; CURSOR: hand; HEIGHT: 318px\" alt=\"\" src=\"http:\/\/formalprision.com\/wp-content\/uploads\/2012\/02\/aaaaescudo-de-la-fiscalia6.jpg\" border=\"0\" \/><\/a><\/p>\n<div>Una de las personas m\u00e1s viejas del municipio de M\u00e9rida falleci\u00f3 ayer v\u00edctima de un infarto.<\/div>\n<p><\/p>\n<div>Se trata de BENIGNA EU\u00c1N HERN\u00c1NDEZ, de 101 a\u00f1os de edad,<\/div>\n<p><\/p>\n<div>Ella habitaba en la comisar\u00eda meridana de Chablekal. <\/div>\n<p><\/p>\n<div>Identific\u00f3 el cad\u00e1ver Jos\u00e9 Carlos Manuel Chal\u00e9 Eu\u00e1n, hijo de la ahora occisa.<\/div>\n<p><\/p>\n<div>La Fiscal\u00eda confirm\u00f3 que la causa de la muerte fue por infarto agudo al miocardio. <\/div>\n","protected":false},"excerpt":{"rendered":"<p>Una de las personas m\u00e1s viejas del municipio de M\u00e9rida falleci\u00f3 ayer v\u00edctima de un infarto. Se trata de BENIGNA EU\u00c1N HERN\u00c1NDEZ, de 101 a\u00f1os de edad, Ella habitaba en<\/p>\n","protected":false},"author":1,"featured_media":24723,"comment_status":"open","ping_status":"open","sticky":false,"template":"","format":"standard","meta":{"jetpack_post_was_ever_published":false,"_jetpack_newsletter_access":"","_jetpack_dont_email_post_to_subs":false,"_jetpack_newsletter_tier_id":0,"_jetpack_memberships_contains_paywalled_content":false,"_jetpack_memberships_contains_paid_content":false,"footnotes":"","jetpack_publicize_message":"","jetpack_publicize_feature_enabled":true,"jetpack_social_post_already_shared":false,"jetpack_social_options":{"image_generator_settings":{"template":"highway","default_image_id":0,"font":"","enabled":false},"version":2}},"categories":[44,3,1],"tags":[],"class_list":["post-7316","post","type-post","status-publish","format-standard","has-post-thumbnail","hentry","category-morgue","category-portada","category-sin-categoria"],"jetpack_publicize_connections":[],"jetpack_featured_media_url":"https:\/\/formalprision.com\/wp-content\/uploads\/2012\/02\/aaaaescudo-de-la-fiscalia6.jpg","jetpack_sharing_enabled":true,"jetpack_shortlink":"https:\/\/wp.me\/p6id8p-1U0","_links":{"self":[{"href":"https:\/\/formalprision.com\/index.php?rest_route=\/wp\/v2\/posts\/7316","targetHints":{"allow":["GET"]}}],"collection":[{"href":"https:\/\/formalprision.com\/index.php?rest_route=\/wp\/v2\/posts"}],"about":[{"href":"https:\/\/formalprision.com\/index.php?rest_route=\/wp\/v2\/types\/post"}],"author":[{"embeddable":true,"href":"https:\/\/formalprision.com\/index.php?rest_route=\/wp\/v2\/users\/1"}],"replies":[{"embeddable":true,"href":"https:\/\/formalprision.com\/index.php?rest_route=%2Fwp%2Fv2%2Fcomments&post=7316"}],"version-history":[{"count":0,"href":"https:\/\/formalprision.com\/index.php?rest_route=\/wp\/v2\/posts\/7316\/revisions"}],"wp:featuredmedia":[{"embeddable":true,"href":"https:\/\/formalprision.com\/index.php?rest_route=\/wp\/v2\/media\/24723"}],"wp:attachment":[{"href":"https:\/\/formalprision.com\/index.php?rest_route=%2Fwp%2Fv2%2Fmedia&parent=7316"}],"wp:term":[{"taxonomy":"category","embeddable":true,"href":"https:\/\/formalprision.com\/index.php?rest_route=%2Fwp%2Fv2%2Fcategories&post=7316"},{"taxonomy":"post_tag","embeddable":true,"href":"https:\/\/formalprision.com\/index.php?rest_route=%2Fwp%2Fv2%2Ftags&post=7316"}],"curies":[{"name":"wp","href":"https:\/\/api.w.org\/{rel}","templated":true}]}}