{"id":73173,"date":"2019-07-06T19:18:13","date_gmt":"2019-07-07T00:18:13","guid":{"rendered":"http:\/\/formalprision.com\/?p=73173"},"modified":"2019-07-06T19:18:19","modified_gmt":"2019-07-07T00:18:19","slug":"se-incendia-la-parrilla-en-el-centro-de-merida","status":"publish","type":"post","link":"https:\/\/formalprision.com\/?p=73173","title":{"rendered":"Se incendia La Parrilla, en el centro de M\u00e9rida"},"content":{"rendered":"\n<p>Un incendio en el restaurante La Parrilla, en la calle 60\u00a1 moviliz\u00f3 en la madrugada a bomberos y polic\u00edas.<\/p>\n\n\n\n<p>El siniestro, ocurrido a la 01:45 de la madrugada, no dej\u00f3 p\u00e9rdidas cuantiosas ni heridos, aunque s\u00ed fue necesario evacuar los comensales que a\u00fan se encontraban en el sitio,<\/p>\n\n\n\n<p>Seg\u00fan el informe oficial, el fuego se concentr\u00f3 en el \u00e1rea de la cocina, siendo sofocado por bomberos de las unidades 862 y 851 y 740.<\/p>\n\n\n\n<p>Los da\u00f1os reportados fueron en la campana de la cocina, el trompo, la plancha, dos mesas y varios aparatos electrodom\u00e9sticos.<\/p>\n","protected":false},"excerpt":{"rendered":"<p>Un incendio en el restaurante La Parrilla, en la calle 60\u00a1 moviliz\u00f3 en la madrugada a bomberos y polic\u00edas. El siniestro, ocurrido a la 01:45 de la madrugada, no dej\u00f3<\/p>\n","protected":false},"author":1,"featured_media":73174,"comment_status":"open","ping_status":"open","sticky":false,"template":"","format":"standard","meta":{"jetpack_post_was_ever_published":false,"_jetpack_newsletter_access":"","_jetpack_dont_email_post_to_subs":false,"_jetpack_newsletter_tier_id":0,"_jetpack_memberships_contains_paywalled_content":false,"_jetpack_memberships_contains_paid_content":false,"footnotes":"","jetpack_publicize_message":"","jetpack_publicize_feature_enabled":true,"jetpack_social_post_already_shared":true,"jetpack_social_options":{"image_generator_settings":{"template":"highway","default_image_id":0,"font":"","enabled":false},"version":2}},"categories":[54],"tags":[],"class_list":["post-73173","post","type-post","status-publish","format-standard","has-post-thumbnail","hentry","category-yucatan"],"jetpack_publicize_connections":[],"jetpack_featured_media_url":"https:\/\/formalprision.com\/wp-content\/uploads\/2019\/07\/IMG_4613.jpg","jetpack_sharing_enabled":true,"jetpack_shortlink":"https:\/\/wp.me\/p6id8p-j2d","_links":{"self":[{"href":"https:\/\/formalprision.com\/index.php?rest_route=\/wp\/v2\/posts\/73173","targetHints":{"allow":["GET"]}}],"collection":[{"href":"https:\/\/formalprision.com\/index.php?rest_route=\/wp\/v2\/posts"}],"about":[{"href":"https:\/\/formalprision.com\/index.php?rest_route=\/wp\/v2\/types\/post"}],"author":[{"embeddable":true,"href":"https:\/\/formalprision.com\/index.php?rest_route=\/wp\/v2\/users\/1"}],"replies":[{"embeddable":true,"href":"https:\/\/formalprision.com\/index.php?rest_route=%2Fwp%2Fv2%2Fcomments&post=73173"}],"version-history":[{"count":0,"href":"https:\/\/formalprision.com\/index.php?rest_route=\/wp\/v2\/posts\/73173\/revisions"}],"wp:featuredmedia":[{"embeddable":true,"href":"https:\/\/formalprision.com\/index.php?rest_route=\/wp\/v2\/media\/73174"}],"wp:attachment":[{"href":"https:\/\/formalprision.com\/index.php?rest_route=%2Fwp%2Fv2%2Fmedia&parent=73173"}],"wp:term":[{"taxonomy":"category","embeddable":true,"href":"https:\/\/formalprision.com\/index.php?rest_route=%2Fwp%2Fv2%2Fcategories&post=73173"},{"taxonomy":"post_tag","embeddable":true,"href":"https:\/\/formalprision.com\/index.php?rest_route=%2Fwp%2Fv2%2Ftags&post=73173"}],"curies":[{"name":"wp","href":"https:\/\/api.w.org\/{rel}","templated":true}]}}