{"id":73180,"date":"2019-07-08T09:14:38","date_gmt":"2019-07-08T14:14:38","guid":{"rendered":"http:\/\/formalprision.com\/?p=73180"},"modified":"2019-07-08T09:14:42","modified_gmt":"2019-07-08T14:14:42","slug":"el-crit-yucatan-no-cerrara-sus-puertas","status":"publish","type":"post","link":"https:\/\/formalprision.com\/?p=73180","title":{"rendered":"El CRIT Yucat\u00e1n no cerrar\u00e1 sus puertas"},"content":{"rendered":"\n<p>El CRIT Yucat\u00e1n no cerrar\u00e1 sus puertas ni dejar\u00e1 de trabajar porque contamos con el apoyo del Gobierno del Estado y seguiremos colaborando con la misma calidad y calidez con la que lo hemos hecho desde ya 10 a\u00f1os, se\u00f1al\u00f3 Dolores S\u00e1nchez de Rojas, directora de la instituci\u00f3n en el Yucat\u00e1n.<\/p>\n\n\n\n<p>\u201cQueremos reiterar a las familias el que vamos a seguir trabajando de la misma manera. S\u00ed vamos a cambiar el modelo, pero ning\u00fan ni\u00f1o va a dejar de ser atendido. Seguimos trabajando con el Gobierno del Estado que tiene el fiel compromiso de seguir apoyando y de nuestra parte de seguir atendiendo a los ni\u00f1os. Tambi\u00e9n nos comprometemos como fundaci\u00f3n a poder seguir encontrando nuevas maneras de ingresar recursos econ\u00f3micos y que juntos como sociedad y gobierno y nosotros, que somos una sociedad civil, podamos seguir prestando nuestros servicios\u201d, asever\u00f3. <\/p>\n\n\n\n<p>Dolores S\u00e1nchez de Rojas agreg\u00f3 que con la situaci\u00f3n econ\u00f3mica actual de austeridad qu\u00e9 se vive en el pa\u00eds y que repercute en el estado y en todos los sectores se ha tenido la necesidad de ajustar el flujo de atenci\u00f3n, pero ning\u00fan ni\u00f1o quedar\u00e1 sin atenci\u00f3n, ya que se trabaja en conjunto con el gobierno estatal.<\/p>\n\n\n\n<p>La directora Dolores S\u00e1nchez realiz\u00f3 estas declaraciones en las instalaciones del Gran Museo del Mundo Maya, en el marco de la presentaci\u00f3n de la tradicional muestra de talleres culturales, art\u00edsticos y de habilidades deportivas del CRIT. Estuvo acompa\u00f1ada por la directora estatal del DIF, Mar\u00eda Cristina Castillo Espinosa.<\/p>\n","protected":false},"excerpt":{"rendered":"<p>El CRIT Yucat\u00e1n no cerrar\u00e1 sus puertas ni dejar\u00e1 de trabajar porque contamos con el apoyo del Gobierno del Estado y seguiremos colaborando con la misma calidad y calidez con<\/p>\n","protected":false},"author":1,"featured_media":73181,"comment_status":"open","ping_status":"open","sticky":false,"template":"","format":"standard","meta":{"jetpack_post_was_ever_published":false,"_jetpack_newsletter_access":"","_jetpack_dont_email_post_to_subs":false,"_jetpack_newsletter_tier_id":0,"_jetpack_memberships_contains_paywalled_content":false,"_jetpack_memberships_contains_paid_content":false,"footnotes":"","jetpack_publicize_message":"","jetpack_publicize_feature_enabled":true,"jetpack_social_post_already_shared":true,"jetpack_social_options":{"image_generator_settings":{"template":"highway","default_image_id":0,"font":"","enabled":false},"version":2}},"categories":[14],"tags":[],"class_list":["post-73180","post","type-post","status-publish","format-standard","has-post-thumbnail","hentry","category-merida"],"jetpack_publicize_connections":[],"jetpack_featured_media_url":"https:\/\/formalprision.com\/wp-content\/uploads\/2019\/07\/IMG_4614.jpg","jetpack_sharing_enabled":true,"jetpack_shortlink":"https:\/\/wp.me\/p6id8p-j2k","_links":{"self":[{"href":"https:\/\/formalprision.com\/index.php?rest_route=\/wp\/v2\/posts\/73180","targetHints":{"allow":["GET"]}}],"collection":[{"href":"https:\/\/formalprision.com\/index.php?rest_route=\/wp\/v2\/posts"}],"about":[{"href":"https:\/\/formalprision.com\/index.php?rest_route=\/wp\/v2\/types\/post"}],"author":[{"embeddable":true,"href":"https:\/\/formalprision.com\/index.php?rest_route=\/wp\/v2\/users\/1"}],"replies":[{"embeddable":true,"href":"https:\/\/formalprision.com\/index.php?rest_route=%2Fwp%2Fv2%2Fcomments&post=73180"}],"version-history":[{"count":0,"href":"https:\/\/formalprision.com\/index.php?rest_route=\/wp\/v2\/posts\/73180\/revisions"}],"wp:featuredmedia":[{"embeddable":true,"href":"https:\/\/formalprision.com\/index.php?rest_route=\/wp\/v2\/media\/73181"}],"wp:attachment":[{"href":"https:\/\/formalprision.com\/index.php?rest_route=%2Fwp%2Fv2%2Fmedia&parent=73180"}],"wp:term":[{"taxonomy":"category","embeddable":true,"href":"https:\/\/formalprision.com\/index.php?rest_route=%2Fwp%2Fv2%2Fcategories&post=73180"},{"taxonomy":"post_tag","embeddable":true,"href":"https:\/\/formalprision.com\/index.php?rest_route=%2Fwp%2Fv2%2Ftags&post=73180"}],"curies":[{"name":"wp","href":"https:\/\/api.w.org\/{rel}","templated":true}]}}