{"id":73183,"date":"2019-07-08T09:25:37","date_gmt":"2019-07-08T14:25:37","guid":{"rendered":"http:\/\/formalprision.com\/?p=73183"},"modified":"2019-07-08T09:25:42","modified_gmt":"2019-07-08T14:25:42","slug":"el-cree-ofrece-atencion-integral-que-cambia-vidas","status":"publish","type":"post","link":"https:\/\/formalprision.com\/?p=73183","title":{"rendered":"El CREE ofrece atenci\u00f3n integral que cambia vidas"},"content":{"rendered":"\n<p>M\u00e9rida, Yucat\u00e1n, 7 de julio de 2019.- Haber nacido con par\u00e1lisis cerebral no detuvo a Daniel Alexander Bautista Lozano, quien gracias a la atenci\u00f3n integral que recibe en el Centro de Rehabilitaci\u00f3n y Educaci\u00f3n Especial (CREE), desde sus 3 meses de vida, ahora, a sus 7 a\u00f1os, puede hablar, caminar, ir a la escuela y hacer sus actividades favoritas, como cualquier otro ni\u00f1o.<\/p>\n\n\n\n<p>El compromiso del Gobierno del Estado, que encabeza Mauricio Vila Dosal, con los sectores vulnerables, las personas que requieren servicios de salud y los que necesitan atenci\u00f3n especial por alguna discapacidad tienen la m\u00e1s alta prioridad, por lo que se han impulsado programas enfocados a brindar a quienes m\u00e1s lo necesitan las herramientas para poder desarrollarse y tener una mejor calidad de vida.<\/p>\n\n\n\n<p>La madre de Daniel, Olivia Lozano Alvarado, recurri\u00f3 a diferentes instituciones para solicitar apoyo, pero no pudieron brindarle la atenci\u00f3n que Daniel necesitaba o deb\u00eda esperar a que se desocupara un lugar para poder acceder al servicio, sin embargo, el CREE le abri\u00f3 las puertas desde el primer momento y tras realizarle una valoraci\u00f3n a Daniel, comenz\u00f3 a recibir sus terapias.<\/p>\n\n\n\n<p>\u201cFui a otros lados y me dijeron que ten\u00eda que esperar y, en el CREE, en autom\u00e1tico entr\u00f3, lo valoraron y cuando nos dimos cuenta ya est\u00e1bamos siendo atendidos por profesionales\u201d, relat\u00f3 Olivia.<\/p>\n\n\n\n<p>Daniel acude al CREE todos los mi\u00e9rcoles y viernes, pues tiene que ser muy constante para que los avances contin\u00faen siendo visibles. Ah\u00ed, recibe atenci\u00f3n no s\u00f3lo de calidad, sino con calidez humana, caracter\u00edstica que no encontr\u00f3 en otros centros de ayuda a los que tambi\u00e9n se acerc\u00f3.<\/p>\n\n\n\n<p>\u201cPara m\u00ed como mam\u00e1, es una maravilla este lugar porque los avances de Daniel han sido fant\u00e1sticos, el CREE ha sido lo mejor que nos ha podido ocurrir. La atenci\u00f3n es maravillosa, mi hijo ha avanzado much\u00edsimo, y tambi\u00e9n gracias a las instalaciones porque son las adecuadas para las terapias que necesita\u201d, agreg\u00f3 la vecina de Kanas\u00edn.<\/p>\n\n\n\n<p>Tras 7 a\u00f1os de ser atendido en el CREE, Daniel es un ni\u00f1o que puede hablar, mantener el equilibrio y dar pasos por su cuenta, progreso que Olivia ve como una meta m\u00e1s cumplida y que ahora le permite disfrutar otras actividades que contribuyen a su desarrollo, como sus clases de jarana, ajedrez y de artes pl\u00e1sticas.<\/p>\n\n\n\n<p>\u201cAhora est\u00e1 cursando tercero de primaria en una escuela normal porque, aunque tiene discapacidad motriz, gracias a las terapias del CREE es un ni\u00f1o que se desarrolla como cualquier otro, que no ve sus l\u00edmites, cada vez trata de hacerlo mejor y salir adelante\u201d, agreg\u00f3.<\/p>\n\n\n\n<p>Daniel es uno de las 6,300 personas que al a\u00f1o acuden al CREE a terapia por discapacidades visuales, de audici\u00f3n, lenguaje, mental y motriz, mejorando su calidad de vida y ofreci\u00e9ndoles las herramientas para salir adelante.<\/p>\n\n\n\n<p>\u201cDe verdad que lo que ah\u00ed realiza es una labor maravillosa porque la gente puede ver los avances, la personas que ah\u00ed trabajan son unos profesionales que en verdad ayudan a los pacientes, por eso nunca voy a dejar de llevar a mi hijo\u201d, finaliz\u00f3.<\/p>\n\n\n\n<p>El CREE brinda servicio a todas las personas, desde ni\u00f1os hasta adultos mayores, que requieran de atenci\u00f3n, ya sea porque nacieron con alguna discapacidad, porque sufrieron un accidente o porque padecen las consecuencias de enfermedades como la diabetes o la obesidad, que son males que afectan mucho a la poblaci\u00f3n yucateca.<\/p>\n\n\n\n<p>Se trata de una instituci\u00f3n de puertas abiertas para todo aquel que requiera atenci\u00f3n de este tipo. Busca brindar apoyo a la poblaci\u00f3n m\u00e1s vulnerable y ofrecerles igualdad de oportunidades para su desarrollo, con actividades relacionadas con la prevenci\u00f3n e impulsando la rehabilitaci\u00f3n integral mediante la vinculaci\u00f3n de las acciones de salud con las de integraci\u00f3n social.<\/p>\n\n\n\n<p>Adem\u00e1s de las instalaciones en M\u00e9rida, el CREE cuenta con 71 Unidades B\u00e1sicas de Rehabilitaci\u00f3n (UBR) operando actualmente, con lo que el Gobierno de Mauricio Vila acerca los servicios de rehabilitaci\u00f3n a todo el estado para hacer realidad la atenci\u00f3n a las personas con discapacidad y su inclusi\u00f3n en la vida social y laboral.<\/p>\n\n\n\n<p>Para las personas con discapacidad, el Gobierno del Estado cuenta con una de las instituciones de mayor prestigio, incluso a nivel nacional, que es el CREE.<\/p>\n\n\n\n<p>Uno de los objetivos que tiene el CREE, por instrucciones del Gobernador Vila, es acercar los servicios de rehabilitaci\u00f3n a todo el estado para hacer realidad la atenci\u00f3n a las personas con discapacidad y su inclusi\u00f3n en la vida social y laboral.<\/p>\n\n\n\n<p>Hay que recordar que, en esta administraci\u00f3n se cre\u00f3 el Instituto para la Inclusi\u00f3n de las Personas con Discapacidad (Iipedey), a trav\u00e9s del cual se demuestra que para el Gobierno que encabeza Mauricio Vila Dosal, los sectores vulnerables y las personas que requieren atenci\u00f3n especial tienen una alta prioridad.<\/p>\n\n\n\n<p>Entre las primeras acciones a destacar, se encuentra la puesta en marcha del \u201cPrograma de Transporte Gratuito para Personas con Discapacidad Motriz\u201d, pensado para ofrecer un traslado c\u00f3modo y seguro para un pasajero en silla de ruedas y un acompa\u00f1ante, a fin de que puedan acudir a sus consultas y terapias. Este \u201ctaxi especial\u201d realiza aproximadamente 35 viajes de manera diaria con 5 unidades totalmente adaptadas de la empresa AsiTaxi.<\/p>\n","protected":false},"excerpt":{"rendered":"<p>M\u00e9rida, Yucat\u00e1n, 7 de julio de 2019.- Haber nacido con par\u00e1lisis cerebral no detuvo a Daniel Alexander Bautista Lozano, quien gracias a la atenci\u00f3n integral que recibe en el Centro<\/p>\n","protected":false},"author":1,"featured_media":73184,"comment_status":"open","ping_status":"open","sticky":false,"template":"","format":"standard","meta":{"jetpack_post_was_ever_published":false,"_jetpack_newsletter_access":"","_jetpack_dont_email_post_to_subs":false,"_jetpack_newsletter_tier_id":0,"_jetpack_memberships_contains_paywalled_content":false,"_jetpack_memberships_contains_paid_content":false,"footnotes":"","jetpack_publicize_message":"","jetpack_publicize_feature_enabled":true,"jetpack_social_post_already_shared":true,"jetpack_social_options":{"image_generator_settings":{"template":"highway","default_image_id":0,"font":"","enabled":false},"version":2}},"categories":[17],"tags":[],"class_list":["post-73183","post","type-post","status-publish","format-standard","has-post-thumbnail","hentry","category-politica-y-gobierno"],"jetpack_publicize_connections":[],"jetpack_featured_media_url":"https:\/\/formalprision.com\/wp-content\/uploads\/2019\/07\/IMG_4615.jpg","jetpack_sharing_enabled":true,"jetpack_shortlink":"https:\/\/wp.me\/p6id8p-j2n","_links":{"self":[{"href":"https:\/\/formalprision.com\/index.php?rest_route=\/wp\/v2\/posts\/73183","targetHints":{"allow":["GET"]}}],"collection":[{"href":"https:\/\/formalprision.com\/index.php?rest_route=\/wp\/v2\/posts"}],"about":[{"href":"https:\/\/formalprision.com\/index.php?rest_route=\/wp\/v2\/types\/post"}],"author":[{"embeddable":true,"href":"https:\/\/formalprision.com\/index.php?rest_route=\/wp\/v2\/users\/1"}],"replies":[{"embeddable":true,"href":"https:\/\/formalprision.com\/index.php?rest_route=%2Fwp%2Fv2%2Fcomments&post=73183"}],"version-history":[{"count":0,"href":"https:\/\/formalprision.com\/index.php?rest_route=\/wp\/v2\/posts\/73183\/revisions"}],"wp:featuredmedia":[{"embeddable":true,"href":"https:\/\/formalprision.com\/index.php?rest_route=\/wp\/v2\/media\/73184"}],"wp:attachment":[{"href":"https:\/\/formalprision.com\/index.php?rest_route=%2Fwp%2Fv2%2Fmedia&parent=73183"}],"wp:term":[{"taxonomy":"category","embeddable":true,"href":"https:\/\/formalprision.com\/index.php?rest_route=%2Fwp%2Fv2%2Fcategories&post=73183"},{"taxonomy":"post_tag","embeddable":true,"href":"https:\/\/formalprision.com\/index.php?rest_route=%2Fwp%2Fv2%2Ftags&post=73183"}],"curies":[{"name":"wp","href":"https:\/\/api.w.org\/{rel}","templated":true}]}}