{"id":73201,"date":"2019-07-08T20:56:30","date_gmt":"2019-07-09T01:56:30","guid":{"rendered":"http:\/\/formalprision.com\/?p=73201"},"modified":"2019-07-09T10:17:30","modified_gmt":"2019-07-09T15:17:30","slug":"solo-cuatro-dias-preso-pese-a-ser-sorprendido-vendiendo-cocaina-y-marihuana","status":"publish","type":"post","link":"https:\/\/formalprision.com\/?p=73201","title":{"rendered":"Solo cuatro d\u00edas preso pese a ser sorprendido vendiendo coca\u00edna y marihuana"},"content":{"rendered":"\n<p>Pese a que fue detenido con marihuana y coca\u00edna, un mininarco del fraccionamiento Juan Pablo II no se qued\u00f3 preso mucho tiempo al concederle el juez la libertad condicional.<\/p>\n\n\n\n<p>El sujeto, identificado con las siglas A.J.R.E., fue detenido el jueves pasado y liberado cuatro d\u00edas despu\u00e9s, luego de que la Fiscal\u00eda General del Estado formul\u00f3 la imputaci\u00f3n por el delito contra la salud en su modalidad de narcomenudeo, en la variante  de posesi\u00f3n con fines de comercio de los narc\u00f3ticos cannabis y coca\u00edna<\/p>\n\n\n\n<p>En la audiencia realizada en el Juzgado Primero de Control, se decret\u00f3 de legal la detenci\u00f3n, pero el indiciado se acogi\u00f3 a la ampliaci\u00f3n del t\u00e9rmino constitucional para definir su situaci\u00f3n jur\u00eddica, por lo que el Juez de Control estableci\u00f3 que la audiencia contin\u00fae el pr\u00f3ximo 12 de julio.<\/p>\n\n\n\n<p>En la carpeta de investigaci\u00f3n de la causa penal 209\/2019, se se\u00f1ala que los hechos ocurrieron el 4 de julio, cuando el sujeto se encontraba en la calle 3-E por 20 y 22 del citado fraccionamiento, donde presuntamente pose\u00eda los narc\u00f3ticos mencionados y por las circunstancia de los hechos, \u00e9stos eran con la finalidad de comercializarlos, por lo que fue detenido y turnado a la Fiscal\u00eda.<\/p>\n\n\n\n<p>Finalmente, el juez estableci\u00f3 que el indiciado no se quedar\u00e1 en prisi\u00f3n, pero deber\u00e1 acudir a firmar dentro de los primeros cinco d\u00edas de cada mes, y no podr\u00e1 salir de la ciudad de M\u00e9rida por todo el tiempo que dure el proceso.<\/p>\n","protected":false},"excerpt":{"rendered":"<p>Pese a que fue detenido con marihuana y coca\u00edna, un mininarco del fraccionamiento Juan Pablo II no se qued\u00f3 preso mucho tiempo al concederle el juez la libertad condicional. El<\/p>\n","protected":false},"author":1,"featured_media":73202,"comment_status":"open","ping_status":"open","sticky":false,"template":"","format":"standard","meta":{"jetpack_post_was_ever_published":false,"_jetpack_newsletter_access":"","_jetpack_dont_email_post_to_subs":false,"_jetpack_newsletter_tier_id":0,"_jetpack_memberships_contains_paywalled_content":false,"_jetpack_memberships_contains_paid_content":false,"footnotes":"","jetpack_publicize_message":"","jetpack_publicize_feature_enabled":true,"jetpack_social_post_already_shared":true,"jetpack_social_options":{"image_generator_settings":{"template":"highway","default_image_id":0,"font":"","enabled":false},"version":2}},"categories":[47,3],"tags":[],"class_list":["post-73201","post","type-post","status-publish","format-standard","has-post-thumbnail","hentry","category-narcos","category-portada"],"jetpack_publicize_connections":[],"jetpack_featured_media_url":"https:\/\/formalprision.com\/wp-content\/uploads\/2019\/07\/IMG_4620.jpg","jetpack_sharing_enabled":true,"jetpack_shortlink":"https:\/\/wp.me\/p6id8p-j2F","_links":{"self":[{"href":"https:\/\/formalprision.com\/index.php?rest_route=\/wp\/v2\/posts\/73201","targetHints":{"allow":["GET"]}}],"collection":[{"href":"https:\/\/formalprision.com\/index.php?rest_route=\/wp\/v2\/posts"}],"about":[{"href":"https:\/\/formalprision.com\/index.php?rest_route=\/wp\/v2\/types\/post"}],"author":[{"embeddable":true,"href":"https:\/\/formalprision.com\/index.php?rest_route=\/wp\/v2\/users\/1"}],"replies":[{"embeddable":true,"href":"https:\/\/formalprision.com\/index.php?rest_route=%2Fwp%2Fv2%2Fcomments&post=73201"}],"version-history":[{"count":0,"href":"https:\/\/formalprision.com\/index.php?rest_route=\/wp\/v2\/posts\/73201\/revisions"}],"wp:featuredmedia":[{"embeddable":true,"href":"https:\/\/formalprision.com\/index.php?rest_route=\/wp\/v2\/media\/73202"}],"wp:attachment":[{"href":"https:\/\/formalprision.com\/index.php?rest_route=%2Fwp%2Fv2%2Fmedia&parent=73201"}],"wp:term":[{"taxonomy":"category","embeddable":true,"href":"https:\/\/formalprision.com\/index.php?rest_route=%2Fwp%2Fv2%2Fcategories&post=73201"},{"taxonomy":"post_tag","embeddable":true,"href":"https:\/\/formalprision.com\/index.php?rest_route=%2Fwp%2Fv2%2Ftags&post=73201"}],"curies":[{"name":"wp","href":"https:\/\/api.w.org\/{rel}","templated":true}]}}