{"id":73301,"date":"2019-07-14T16:21:00","date_gmt":"2019-07-14T21:21:00","guid":{"rendered":"http:\/\/formalprision.com\/?p=73301"},"modified":"2019-07-14T16:21:13","modified_gmt":"2019-07-14T21:21:13","slug":"el-plan-de-mauricio-vila-para-tener-playas-y-carreteras-limpias-y-seguras","status":"publish","type":"post","link":"https:\/\/formalprision.com\/?p=73301","title":{"rendered":"El plan de Mauricio Vila para tener playas y carreteras limpias y seguras"},"content":{"rendered":"\n<p>M\u00e9rida, Yucat\u00e1n, 14 de julio de 2019.- Mantener las playas y carreteras limpias y seguras para dar tranquilidad a los miles de vacacionistas que acudir\u00e1n a los puertos tur\u00edsticos de la costa yucateca es la misi\u00f3n que el gobernador Mauricio Vila Dosal ha encargado a las distintas dependencias de su administraci\u00f3n en este per\u00edodo vacacional de verano.<\/p>\n\n\n\n<p>Estos trabajos comenzaron desde hace varias semanas con recorridos para identificar las zonas de mayor tr\u00e1nsito y en peores condiciones, para construir un plan de acci\u00f3n que involucra la recolecci\u00f3n de residuos s\u00f3lidos y una poda selectiva de vegetaci\u00f3n de manglar que eventualmente obstruye las vialidades y son un factor de riesgo para los automovilistas.<\/p>\n\n\n\n<p>Hay que recordar que el pasado 1 de julio el gobernador puso en marcha el Operativo Vacacional \u201cVerano 2019\u201d para fortalecer la vigilancia y seguridad en todo el territorio yucateco con \u00e9nfasis en los destinos de playa, sitios arqueol\u00f3gicos, ciudades coloniales y las plazas comerciales.<\/p>\n\n\n\n<p>\u201cNuestro compromiso es brindar seguridad a todas las familias para que puedan disfrutar esta temporada vacacional sin contratiempos y la mejor estrategia es la prevenci\u00f3n\u201d, asever\u00f3 Vila Dosal.<\/p>\n\n\n\n<p>Adem\u00e1s, pidi\u00f3 a los visitantes recoger los desperdicios que generen para as\u00ed evitar la contaminaci\u00f3n, especialmente en las zonas tur\u00edsticas con cuerpos de agua como playas y cenotes.<\/p>\n\n\n\n<p>Hasta el d\u00eda de hoy ya se han realizado 30 acciones de saneamiento en 12 municipios y 17 comunidades, lo que dio como resultado el retiro de m\u00e1s de 63.5 toneladas de desechos en zonas de manglar y cerca de 28.5 toneladas en las \u00e1reas de playa, principalmente en puntos tur\u00edsticos donde la afluencia de visitantes es mayor.<\/p>\n\n\n\n<p>Estos trabajos, que est\u00e1n coordinados por la Secretar\u00eda de Desarrollo Sustentable (SDS), comenzaron con un diagn\u00f3stico puntual para detectar a lo largo de la costa yucateca los sitios cr\u00edticos de disposici\u00f3n inadecuada de residuos sobre la carretera, lo que permiti\u00f3 la ubicaci\u00f3n de 20 lugares que acumulan, en su mayor\u00eda, basura y escombro.<\/p>\n\n\n\n<p>Siguiendo la instrucci\u00f3n del gobernador, desde el primer fin de semana de vacaciones escolares y en coordinaci\u00f3n con los Ayuntamientos de Progreso y Telchac, se desarrollaron las primeras jornadas sociales de limpieza de playa, cuyo inicio fue el pasado s\u00e1bado 6 de julio en el puerto de Sisal, donde particip\u00f3 personal del Centro Estatal de Prevenci\u00f3n Social del Delito de Yucat\u00e1n (Cepredey) y de la SDS junto con grupos de voluntarios, en su mayor\u00eda habitantes del puerto.<\/p>\n\n\n\n<p>Con la participaci\u00f3n de los grupos \u00abMujeres en acci\u00f3n sustentable\u00bb y \u00abAmigos de las tortugas\u00bb, as\u00ed como de autoridades estatales, municipales y vecinos de Telchac Puerto, se llev\u00f3 a cabo una jornada de recoja de desperdicios en la playa y el puerto de abrigo, acci\u00f3n que continuar\u00e1 en Chuburn\u00e1 Puerto la pr\u00f3xima semana.<\/p>\n\n\n\n<p>Asimismo, y acorde con el compromiso de ambas comunas, se instalaron dos estaciones de transferencia de residuos que funcionar\u00e1n como sitios de acopio temporal, los cuales se ubican en Chelem y Chicxulub, a fin de recibir los residuos que se generen por los vacacionistas que acuden a estas playas, que son las que registran la mayor afluencia de visitantes. De esta manera se facilitar\u00e1 el funcionamiento normal en los dem\u00e1s puertos de la costa Yucateca.<\/p>\n\n\n\n<p>El programa de atenci\u00f3n integral de la costa contempla la realizaci\u00f3n de una limpieza a la semana durante todo el periodo vacacional en los principales puertos yucatecos. Las actuales est\u00e1n programadas hoy s\u00e1bado 13 de julio en Telchac y el domingo 21 en Chuburn\u00e1 Puerto, en ambos casos ser\u00e1 a partir de las 8:00 horas. Apoyar\u00e1 n diversos grupos de voluntarios que se han sumado a estas jornadas para salvaguardar la integridad de los habitantes y de los turistas.<\/p>\n\n\n\n<p>En este amplio programa propuesto por el gobernador tambi\u00e9n participan las Secretar\u00edas de Pesca y Acuacultura Sustentable de Yucat\u00e1n (Sepasy) y de Obras P\u00fablicas (SOP), as\u00ed como el Instituto para la Construcci\u00f3n y Conservaci\u00f3n de Obra P\u00fablica en Yucat\u00e1n (Inccopy) y los Servicios Integrados para la Conservaci\u00f3n del Estado de Yucat\u00e1n (Sicey), que se unen a las labores de limpieza.<\/p>\n\n\n\n<p>Con estas acciones se busca integrar de manera organizada a grupos de la sociedad civil en su conjunto a este tipo de actividades con la mira puesta en la responsabilidad social, ya que se trata no s\u00f3lo de la limpieza sino tambi\u00e9n de crear conciencia sobre la importancia de hacerse responsable de los desperdicios personales y no tirarlos en las playas y carreras. (Comunicado de Prensa)<\/p>\n\n\n\n<p>De esta manera se busca replicar el \u00e9xito, con este tipo de acciones, que se tuvo durante la primera edici\u00f3n del Festival de la Veda, que cont\u00f3 con una gran respuesta por parte de la ciudadan\u00eda que particip\u00f3 activamente en 13 jornadas de saneamiento ambiental.<\/p>\n","protected":false},"excerpt":{"rendered":"<p>M\u00e9rida, Yucat\u00e1n, 14 de julio de 2019.- Mantener las playas y carreteras limpias y seguras para dar tranquilidad a los miles de vacacionistas que acudir\u00e1n a los puertos tur\u00edsticos de<\/p>\n","protected":false},"author":1,"featured_media":73302,"comment_status":"open","ping_status":"open","sticky":false,"template":"","format":"standard","meta":{"jetpack_post_was_ever_published":false,"_jetpack_newsletter_access":"","_jetpack_dont_email_post_to_subs":false,"_jetpack_newsletter_tier_id":0,"_jetpack_memberships_contains_paywalled_content":false,"_jetpack_memberships_contains_paid_content":false,"footnotes":"","jetpack_publicize_message":"","jetpack_publicize_feature_enabled":true,"jetpack_social_post_already_shared":true,"jetpack_social_options":{"image_generator_settings":{"template":"highway","default_image_id":0,"font":"","enabled":false},"version":2}},"categories":[17],"tags":[],"class_list":["post-73301","post","type-post","status-publish","format-standard","has-post-thumbnail","hentry","category-politica-y-gobierno"],"jetpack_publicize_connections":[],"jetpack_featured_media_url":"https:\/\/formalprision.com\/wp-content\/uploads\/2019\/07\/IMG_4682.jpg","jetpack_sharing_enabled":true,"jetpack_shortlink":"https:\/\/wp.me\/p6id8p-j4h","_links":{"self":[{"href":"https:\/\/formalprision.com\/index.php?rest_route=\/wp\/v2\/posts\/73301","targetHints":{"allow":["GET"]}}],"collection":[{"href":"https:\/\/formalprision.com\/index.php?rest_route=\/wp\/v2\/posts"}],"about":[{"href":"https:\/\/formalprision.com\/index.php?rest_route=\/wp\/v2\/types\/post"}],"author":[{"embeddable":true,"href":"https:\/\/formalprision.com\/index.php?rest_route=\/wp\/v2\/users\/1"}],"replies":[{"embeddable":true,"href":"https:\/\/formalprision.com\/index.php?rest_route=%2Fwp%2Fv2%2Fcomments&post=73301"}],"version-history":[{"count":0,"href":"https:\/\/formalprision.com\/index.php?rest_route=\/wp\/v2\/posts\/73301\/revisions"}],"wp:featuredmedia":[{"embeddable":true,"href":"https:\/\/formalprision.com\/index.php?rest_route=\/wp\/v2\/media\/73302"}],"wp:attachment":[{"href":"https:\/\/formalprision.com\/index.php?rest_route=%2Fwp%2Fv2%2Fmedia&parent=73301"}],"wp:term":[{"taxonomy":"category","embeddable":true,"href":"https:\/\/formalprision.com\/index.php?rest_route=%2Fwp%2Fv2%2Fcategories&post=73301"},{"taxonomy":"post_tag","embeddable":true,"href":"https:\/\/formalprision.com\/index.php?rest_route=%2Fwp%2Fv2%2Ftags&post=73301"}],"curies":[{"name":"wp","href":"https:\/\/api.w.org\/{rel}","templated":true}]}}