{"id":73322,"date":"2019-07-17T15:48:22","date_gmt":"2019-07-17T20:48:22","guid":{"rendered":"http:\/\/formalprision.com\/?p=73322"},"modified":"2019-07-17T15:48:30","modified_gmt":"2019-07-17T20:48:30","slug":"feria-de-la-guayabera-mueve-la-economia-de-tekit","status":"publish","type":"post","link":"https:\/\/formalprision.com\/?p=73322","title":{"rendered":"Feria de la Guayabera mueve la econom\u00eda de Tekit"},"content":{"rendered":"\n<p>Tekit, Yucat\u00e1n, 17 de julio de 2019.- En sus primeros d\u00edas, la Feria de la Guayabera Tekit 2019, que inici\u00f3 el 12 de julio y concluir\u00e1 el 22, mostr\u00f3 los beneficios que ofrece al elevar las ventas de las f\u00e1bricas de ropa t\u00edpica, peque\u00f1os comercios locales y prestaci\u00f3n de servicios.<\/p>\n\n\n\n<p>Por su amplia variedad de dise\u00f1os y calidad en la confecci\u00f3n de ropa t\u00edpica, el municipio despert\u00f3 el inter\u00e9s de turistas locales, regionales y nacionales, quienes han asistido para conocer y adquirir alguno de los modelos que ofertan las y los 32 productores participantes.<\/p>\n\n\n\n<p>El alcalde anfitri\u00f3n, Jos\u00e9 Armando Medina Koh, destac\u00f3 que tan s\u00f3lo en el primer fin de semana, llegaron a la localidad m\u00e1s de cinco mil visitantes, la gran mayor\u00eda de los cuales visit\u00f3 el lugar por primera vez, y esto dej\u00f3 una buena derrama econ\u00f3mica a las y los habitantes.<\/p>\n\n\n\n<p>En su tercera edici\u00f3n, la Feria est\u00e1 impactando de forma positiva en la econom\u00eda de la ciudadan\u00eda local, desde trici taxis hasta tiendas de abarrotes. Peque\u00f1os puestos de comida y loncher\u00edas est\u00e1n registrando buenas ventas, situaci\u00f3n que permite que la din\u00e1mica econ\u00f3mica de Tekit siga al alza.<\/p>\n\n\n\n<p>Asimismo, el edil resalt\u00f3 que este encuentro diversifica la econom\u00eda del municipio, en donde el 90 por ciento de sus 17 mil habitantes se dedican a la producci\u00f3n de ropa t\u00edpica, como guayaberas y vestidos con bordados.<\/p>\n\n\n\n<p>\u201cEsta Feria, que tiene el apoyo del Gobierno del Estado, a trav\u00e9s de la Secretar\u00eda de Fomento Econ\u00f3mico y del Trabajo (Sefoet), inici\u00f3 con el pie derecho y, tan s\u00f3lo en un d\u00eda, el domingo 14 de julio, llegaron a Tekit m\u00e1s de tres mil personas de diversos lugares del estado y del pa\u00eds, incluso extranjeros\u201d, anot\u00f3.<\/p>\n\n\n\n<p>El Gobernador Mauricio Vila Dosal es el primer mandatario que visita esa demarcaci\u00f3n en 20 a\u00f1os, y su compromiso de impulsar esta actividad motiv\u00f3 a las y los habitantes a trabajar en unidad para lograr el objetivo de que todo el mundo conozca que, en ella, se fabrica las guayaberas m\u00e1s bellas, con los elementos que se requiere para competir en cualquier mercado del mundo.<\/p>\n\n\n\n<p>Tambi\u00e9n, puntualiz\u00f3 que el apoyo decido del mandatario logr\u00f3 que las y los productores tengan la oportunidad de promover esta industria de manera conjunta, y no aislados como se hac\u00eda antes, ya que, por grupos, se ten\u00edan que organizar para llegar a m\u00e1s mercados.<\/p>\n\n\n\n<p>Finalmente, el alcalde subray\u00f3 que Tekit es un pueblo con magia y encanto; de gente trabajadora que, con sus manos, transforma cualquier tipo de tela en una hermosa prenda, para ni\u00f1o, dama o caballero, con la calidad y el acabo para competir a nivel mundial.<\/p>\n","protected":false},"excerpt":{"rendered":"<p>Tekit, Yucat\u00e1n, 17 de julio de 2019.- En sus primeros d\u00edas, la Feria de la Guayabera Tekit 2019, que inici\u00f3 el 12 de julio y concluir\u00e1 el 22, mostr\u00f3 los<\/p>\n","protected":false},"author":1,"featured_media":73323,"comment_status":"open","ping_status":"open","sticky":false,"template":"","format":"standard","meta":{"jetpack_post_was_ever_published":false,"_jetpack_newsletter_access":"","_jetpack_dont_email_post_to_subs":false,"_jetpack_newsletter_tier_id":0,"_jetpack_memberships_contains_paywalled_content":false,"_jetpack_memberships_contains_paid_content":false,"footnotes":"","jetpack_publicize_message":"","jetpack_publicize_feature_enabled":true,"jetpack_social_post_already_shared":true,"jetpack_social_options":{"image_generator_settings":{"template":"highway","default_image_id":0,"font":"","enabled":false},"version":2}},"categories":[17],"tags":[],"class_list":["post-73322","post","type-post","status-publish","format-standard","has-post-thumbnail","hentry","category-politica-y-gobierno"],"jetpack_publicize_connections":[],"jetpack_featured_media_url":"https:\/\/formalprision.com\/wp-content\/uploads\/2019\/07\/IMG_4689.jpg","jetpack_sharing_enabled":true,"jetpack_shortlink":"https:\/\/wp.me\/p6id8p-j4C","_links":{"self":[{"href":"https:\/\/formalprision.com\/index.php?rest_route=\/wp\/v2\/posts\/73322","targetHints":{"allow":["GET"]}}],"collection":[{"href":"https:\/\/formalprision.com\/index.php?rest_route=\/wp\/v2\/posts"}],"about":[{"href":"https:\/\/formalprision.com\/index.php?rest_route=\/wp\/v2\/types\/post"}],"author":[{"embeddable":true,"href":"https:\/\/formalprision.com\/index.php?rest_route=\/wp\/v2\/users\/1"}],"replies":[{"embeddable":true,"href":"https:\/\/formalprision.com\/index.php?rest_route=%2Fwp%2Fv2%2Fcomments&post=73322"}],"version-history":[{"count":0,"href":"https:\/\/formalprision.com\/index.php?rest_route=\/wp\/v2\/posts\/73322\/revisions"}],"wp:featuredmedia":[{"embeddable":true,"href":"https:\/\/formalprision.com\/index.php?rest_route=\/wp\/v2\/media\/73323"}],"wp:attachment":[{"href":"https:\/\/formalprision.com\/index.php?rest_route=%2Fwp%2Fv2%2Fmedia&parent=73322"}],"wp:term":[{"taxonomy":"category","embeddable":true,"href":"https:\/\/formalprision.com\/index.php?rest_route=%2Fwp%2Fv2%2Fcategories&post=73322"},{"taxonomy":"post_tag","embeddable":true,"href":"https:\/\/formalprision.com\/index.php?rest_route=%2Fwp%2Fv2%2Ftags&post=73322"}],"curies":[{"name":"wp","href":"https:\/\/api.w.org\/{rel}","templated":true}]}}