{"id":7333,"date":"2012-02-06T17:57:00","date_gmt":"2012-02-06T17:57:00","guid":{"rendered":"http:\/\/formalprision.info\/2012\/02\/06\/ladron-roba-en-oficina-de-gobierno-pero\/"},"modified":"2015-06-03T08:53:40","modified_gmt":"2015-06-03T08:53:40","slug":"ladron-roba-en-oficina-de-gobierno-pero","status":"publish","type":"post","link":"https:\/\/formalprision.com\/?p=7333","title":{"rendered":"Ladr\u00f3n roba en oficina de gobierno, pero lo detienen"},"content":{"rendered":"<p><a href=\"http:\/\/3.bp.blogspot.com\/-aITUF1mnw5s\/Ty-JmWh06KI\/AAAAAAAAFxw\/icEyo-DzDs8\/s1600\/aaaviejitos.JPG\"><img decoding=\"async\" id=\"BLOGGER_PHOTO_ID_5705930544877201570\" style=\"FLOAT: left; MARGIN: 0px 10px 10px 0px; WIDTH: 320px; CURSOR: hand; HEIGHT: 287px\" alt=\"\" src=\"http:\/\/formalprision.com\/wp-content\/uploads\/2012\/02\/aaaviejitos.jpg\" border=\"0\" \/><\/a><\/p>\n<div>Elementos de la Polic\u00eda Municipal de M\u00e9rida detuvieron a Jos\u00e9 Francisco Perera Puerto por el robo de equipo de oficina de un modulo en la Secretar\u00eda de Planeaci\u00f3n y Presupuesto.<br \/>El robo ocurri\u00f3 a las 8 de la ma\u00f1ana de ayer domingo y el presunto ladr\u00f3n logr\u00f3 burlar la vigilancia de la oficina y huir tras abordar<br \/>un autob\u00fas con direcci\u00f3n al Centro.<br \/>Polic\u00edas municipales realizaron recorridos por los paraderos, cuando en la calle 62 entre 67-A y 69, ubicaron a Perera Puerto, quien en esos momentos estaba caminando con un bote de basura, en cuyo interior se visualizaba un monitor \u2013tipo plasma- de computadora.<br \/>Adem\u00e1s del monitor ten\u00eda un tel\u00e9fono secretarial, un teclado y un \u201cmouse\u201d para computadora \u2013con sus respectivos cables-, un reloj de mesa, y un control de aire acondicionado.<br \/>Al preguntarle sobre dichos art\u00edculos, Perera Puerto, quien se encontraba en estado de ebriedad, reconoci\u00f3 haberlos robado del modulo de la Secretar\u00eda de Planeaci\u00f3n y Presupuesto, que se encuentra en las inmediaciones del hospital O`Hor\u00e1n.<\/p>\n<\/div>\n","protected":false},"excerpt":{"rendered":"<p>Elementos de la Polic\u00eda Municipal de M\u00e9rida detuvieron a Jos\u00e9 Francisco Perera Puerto por el robo de equipo de oficina de un modulo en la Secretar\u00eda de Planeaci\u00f3n y Presupuesto.El<\/p>\n","protected":false},"author":1,"featured_media":24756,"comment_status":"open","ping_status":"open","sticky":false,"template":"","format":"standard","meta":{"jetpack_post_was_ever_published":false,"_jetpack_newsletter_access":"","_jetpack_dont_email_post_to_subs":false,"_jetpack_newsletter_tier_id":0,"_jetpack_memberships_contains_paywalled_content":false,"_jetpack_memberships_contains_paid_content":false,"footnotes":"","jetpack_publicize_message":"","jetpack_publicize_feature_enabled":true,"jetpack_social_post_already_shared":false,"jetpack_social_options":{"image_generator_settings":{"template":"highway","default_image_id":0,"font":"","enabled":false},"version":2}},"categories":[3,57,1],"tags":[],"class_list":["post-7333","post","type-post","status-publish","format-standard","has-post-thumbnail","hentry","category-portada","category-ratas","category-sin-categoria"],"jetpack_publicize_connections":[],"jetpack_featured_media_url":"https:\/\/formalprision.com\/wp-content\/uploads\/2012\/02\/aaaviejitos.jpg","jetpack_sharing_enabled":true,"jetpack_shortlink":"https:\/\/wp.me\/p6id8p-1Uh","_links":{"self":[{"href":"https:\/\/formalprision.com\/index.php?rest_route=\/wp\/v2\/posts\/7333","targetHints":{"allow":["GET"]}}],"collection":[{"href":"https:\/\/formalprision.com\/index.php?rest_route=\/wp\/v2\/posts"}],"about":[{"href":"https:\/\/formalprision.com\/index.php?rest_route=\/wp\/v2\/types\/post"}],"author":[{"embeddable":true,"href":"https:\/\/formalprision.com\/index.php?rest_route=\/wp\/v2\/users\/1"}],"replies":[{"embeddable":true,"href":"https:\/\/formalprision.com\/index.php?rest_route=%2Fwp%2Fv2%2Fcomments&post=7333"}],"version-history":[{"count":0,"href":"https:\/\/formalprision.com\/index.php?rest_route=\/wp\/v2\/posts\/7333\/revisions"}],"wp:featuredmedia":[{"embeddable":true,"href":"https:\/\/formalprision.com\/index.php?rest_route=\/wp\/v2\/media\/24756"}],"wp:attachment":[{"href":"https:\/\/formalprision.com\/index.php?rest_route=%2Fwp%2Fv2%2Fmedia&parent=7333"}],"wp:term":[{"taxonomy":"category","embeddable":true,"href":"https:\/\/formalprision.com\/index.php?rest_route=%2Fwp%2Fv2%2Fcategories&post=7333"},{"taxonomy":"post_tag","embeddable":true,"href":"https:\/\/formalprision.com\/index.php?rest_route=%2Fwp%2Fv2%2Ftags&post=7333"}],"curies":[{"name":"wp","href":"https:\/\/api.w.org\/{rel}","templated":true}]}}