{"id":73355,"date":"2019-07-20T11:24:50","date_gmt":"2019-07-20T16:24:50","guid":{"rendered":"http:\/\/formalprision.com\/?p=73355"},"modified":"2019-07-20T11:24:52","modified_gmt":"2019-07-20T16:24:52","slug":"mauricio-vila-promueve-actividades-productivas-de-los-municipios-de-yucatan","status":"publish","type":"post","link":"https:\/\/formalprision.com\/?p=73355","title":{"rendered":"Mauricio Vila promueve actividades productivas de los municipios de Yucat\u00e1n"},"content":{"rendered":"\n<p>M\u00e9rida, Yucat\u00e1n, 19 de julio de 2019.- Yucat\u00e1n cuenta con una amplia variedad de escaparates culturales, comerciales y tur\u00edsticos en el interior del estado, dirigidos a dar a conocer e impulsar los productos hechos por manos yucatecas y llevar a diferentes puntos del territorio actividades para la sana convivencia y la atracci\u00f3n del turismo.<\/p>\n\n\n\n<p>Como muestra de ello, el gobernador Mauricio Vila Dosal, como prometi\u00f3 durante su campa\u00f1a, inaugur\u00f3 la Tercera Edici\u00f3n de la Feria de la Guayabera de Tekit, que del 12 al 22 de julio re\u00fane el talento de productores del sector textil del estado, quienes dan prueba de la calidad en la fabricaci\u00f3n de una las prendas m\u00e1s representativas de Yucat\u00e1n, evento que por primera vez recibe el apoyo e impulso del gobierno estatal.<\/p>\n\n\n\n<p>Para esta tercera edici\u00f3n, se espera contar con la asistencia de 15 mil personas, quienes podr\u00e1n disfrutar de gran diversidad de productos y actividades recreativas, como presentaciones musicales y teatrales, noches regionales y la pasarela \u201cEl Coraz\u00f3n de Tekit\u201d.<\/p>\n\n\n\n<p>Atendiendo a una de las peticiones de este sector productivo, la realizaci\u00f3n de este escaparate es resultado del trabajo coordinado entre el Gobierno del Estado y el Ayuntamiento de Tekit.<\/p>\n\n\n\n<p>Asimismo, del 19 al 30 de julio, la costa yucateca celebra la Feria Tradicional de R\u00edo Lagartos 2019, donde tiene lugar el certamen para elegir a la Reina de la Feria, el Tradicional Convite, la noche de vaquer\u00eda, gremios, bailes populares, entre otras actividades.<\/p>\n\n\n\n<p>En el marco de la festividad en honor al santo patrono Santiago Ap\u00f3stol, como cada a\u00f1o, se espera la participaci\u00f3n de cientos de familias de la zona, as\u00ed como de turistas que decidan llegar a este punto del estado para formar parte de esta tradici\u00f3n, que ser\u00e1 complementada con las maravillas naturales que ah\u00ed se encuentran.<\/p>\n\n\n\n<p>Bailarines de danza tradicional, provenientes de diferentes municipios, acuden para representar los bailes t\u00edpicos de Yucat\u00e1n, deleitando a chicos y grandes, quienes como cada a\u00f1o se re\u00fanen para esta celebraci\u00f3n en la poblaci\u00f3n costera.<\/p>\n\n\n\n<p>Para promover la diversidad gastron\u00f3mica del estado, el 7 de julio, en Tizim\u00edn, se realiz\u00f3 la primera edici\u00f3n de la Feria del Helado, la cual permiti\u00f3 a 40 artesanos, peque\u00f1os comerciantes y empresas establecidas mostrar la variedad de sabores y colores que se pueden encontrar en una nieve, dejando una importante derrama econ\u00f3mica, tanto para los expositores como para el municipio sede.<\/p>\n\n\n\n<p>En la explanada del ex convento, combinaciones de todo tipo pudieron ser degustadas. Adem\u00e1s, se pudo disfrutar de un programa de actividades para todas las edades, desde shows infantiles hasta muestras de jarana y sorteos.<\/p>\n\n\n\n<p>Tambi\u00e9n en julio, Motul celebra su Feria Tradicional en honor a la Virgen del Carmen, que del 5 al 21 de este mes, propone una interesante cartelera de entretenimiento para los gustos de todas las edades.<\/p>\n\n\n\n<p>Hay que recordar que, durante la temporada en que se restringe la captura del mero en el estado, el gobierno de Vila Dosal impuls\u00f3 el Festival de la Veda, estrategia de promoci\u00f3n tur\u00edstica que contin\u00faa atrayendo visitantes locales, nacionales y extranjeros a los 15 puertos de la costa yucateca, donde pueden disfrutar de sus atractivos naturales y de una variada oferta de actividades recreativas, que lograron reactivar la din\u00e1mica econ\u00f3mica en esas localidades.<\/p>\n\n\n\n<p>Con esta iniciativa, hombres y mujeres de mar provenientes los puertos de Celest\u00fan, Chabihau, Chelem, Chicxulub Puerto, Chuburn\u00e1 Puerto, Dzilam de Bravo, El Cuyo, Las Coloradas, Progreso, R\u00edo Lagartos, San Crisanto, San Felipe, Santa Clara, Sisal y Telchac Puerto, encontraron una v\u00eda alterna para generar ingresos econ\u00f3micos para ellos y sus familias durante dicha \u00e9poca, lo que demostr\u00f3 el \u00e9xito de esta iniciativa.<\/p>\n\n\n\n<p>Cabe recordar que, en diciembre del a\u00f1o pasado, el gobernador inaugur\u00f3 la edici\u00f3n 34 de la Feria de la Naranja \u00abVive nuestra historia\u00bb en Oxkutzcab, tradicional muestra referente en el sur de Yucat\u00e1n que reiter\u00f3 el trabajo coordinado entre los productores locales y la administraci\u00f3n estatal, en torno a un solo objetivo: trabajar para mejorar las condiciones del campo yucateco.<\/p>\n\n\n\n<p>Como parte de los atractivos de esta feria celebrada cada a\u00f1o en el mes de diciembre, se puede encontrar muestras de danzas prehisp\u00e1nicas, as\u00ed como figuras y representaciones de arcos monumentales, r\u00e9plicas de edificios y sitios arqueol\u00f3gicos construidas con naranjas y otros c\u00edtricos.<\/p>\n\n\n\n<p>Como ejemplo de su inter\u00e9s de acercar la cultura a diferentes puntos de la geograf\u00eda estatal, a unos d\u00edas de haber iniciado su gesti\u00f3n, Vila Dosal inaugur\u00f3 Festival Cultural de Oto\u00f1o y Cervantino en Yucat\u00e1n, que acerc\u00f3 a las y los yucatecos que viven fuera de M\u00e9rida un amplio abanico de expresiones de arte en sus diversas manifestaciones y que activ\u00f3 el turismo en el interior del estado.<\/p>\n\n\n\n<p>Lo anterior es muestra de la amplia oferta que Yucat\u00e1n ofrece en sus municipios del interior del estado para conocer un poco m\u00e1s sobre la cultura local y sus bondades, lo que se complementa con la ardua promoci\u00f3n de los municipios del interior del estado que realiza el gobernador desde el primer d\u00eda de su administraci\u00f3n, en diferentes puntos del pa\u00eds y del mundo. (Comunicado de Prensa)<\/p>\n","protected":false},"excerpt":{"rendered":"<p>M\u00e9rida, Yucat\u00e1n, 19 de julio de 2019.- Yucat\u00e1n cuenta con una amplia variedad de escaparates culturales, comerciales y tur\u00edsticos en el interior del estado, dirigidos a dar a conocer e<\/p>\n","protected":false},"author":1,"featured_media":73356,"comment_status":"open","ping_status":"open","sticky":false,"template":"","format":"standard","meta":{"jetpack_post_was_ever_published":false,"_jetpack_newsletter_access":"","_jetpack_dont_email_post_to_subs":false,"_jetpack_newsletter_tier_id":0,"_jetpack_memberships_contains_paywalled_content":false,"_jetpack_memberships_contains_paid_content":false,"footnotes":"","jetpack_publicize_message":"","jetpack_publicize_feature_enabled":true,"jetpack_social_post_already_shared":true,"jetpack_social_options":{"image_generator_settings":{"template":"highway","default_image_id":0,"font":"","enabled":false},"version":2}},"categories":[17],"tags":[],"class_list":["post-73355","post","type-post","status-publish","format-standard","has-post-thumbnail","hentry","category-politica-y-gobierno"],"jetpack_publicize_connections":[],"jetpack_featured_media_url":"https:\/\/formalprision.com\/wp-content\/uploads\/2019\/07\/IMG_4705.jpg","jetpack_sharing_enabled":true,"jetpack_shortlink":"https:\/\/wp.me\/p6id8p-j59","_links":{"self":[{"href":"https:\/\/formalprision.com\/index.php?rest_route=\/wp\/v2\/posts\/73355","targetHints":{"allow":["GET"]}}],"collection":[{"href":"https:\/\/formalprision.com\/index.php?rest_route=\/wp\/v2\/posts"}],"about":[{"href":"https:\/\/formalprision.com\/index.php?rest_route=\/wp\/v2\/types\/post"}],"author":[{"embeddable":true,"href":"https:\/\/formalprision.com\/index.php?rest_route=\/wp\/v2\/users\/1"}],"replies":[{"embeddable":true,"href":"https:\/\/formalprision.com\/index.php?rest_route=%2Fwp%2Fv2%2Fcomments&post=73355"}],"version-history":[{"count":0,"href":"https:\/\/formalprision.com\/index.php?rest_route=\/wp\/v2\/posts\/73355\/revisions"}],"wp:featuredmedia":[{"embeddable":true,"href":"https:\/\/formalprision.com\/index.php?rest_route=\/wp\/v2\/media\/73356"}],"wp:attachment":[{"href":"https:\/\/formalprision.com\/index.php?rest_route=%2Fwp%2Fv2%2Fmedia&parent=73355"}],"wp:term":[{"taxonomy":"category","embeddable":true,"href":"https:\/\/formalprision.com\/index.php?rest_route=%2Fwp%2Fv2%2Fcategories&post=73355"},{"taxonomy":"post_tag","embeddable":true,"href":"https:\/\/formalprision.com\/index.php?rest_route=%2Fwp%2Fv2%2Ftags&post=73355"}],"curies":[{"name":"wp","href":"https:\/\/api.w.org\/{rel}","templated":true}]}}