{"id":73617,"date":"2019-08-06T23:27:13","date_gmt":"2019-08-07T04:27:13","guid":{"rendered":"http:\/\/formalprision.com\/?p=73617"},"modified":"2019-08-06T23:27:19","modified_gmt":"2019-08-07T04:27:19","slug":"mauricio-vila-reafirma-el-trabajo-coordinado-con-el-gobierno-federal","status":"publish","type":"post","link":"https:\/\/formalprision.com\/?p=73617","title":{"rendered":"Mauricio Vila  reafirma el trabajo coordinado con el Gobierno federal"},"content":{"rendered":"\n<p>Ciudad de M\u00e9xico, 6 de agosto de 2019.- El Gobernador Mauricio Vila Dosal se reuni\u00f3 este d\u00eda con el director del Instituto Mexicano del Seguro Social (IMSS), Zo\u00e9 Robledo Aburto, con quien abord\u00f3 diversos temas relacionados con esta instituci\u00f3n dependiente del Gobierno federal y con la cual su administraci\u00f3n coadyuva para mejorar la salud de los yucatecos.<\/p>\n\n\n\n<p>Durante el encuentro, Vila Dosal y Robledo Aburto abordaron las diversas estrategias que la Secretar\u00eda de Salud estatal (SSY) y la dependencia federal est\u00e1n llevando a cabo de manera conjunta para fortalecer el sistema de salud y ofrecer servicio m\u00e9dico de calidad a todos los yucatecos.<\/p>\n\n\n\n<p>Entre los temas que abordaron est\u00e1n el intercambio entre la SSY y el IMSS de servicios no saturados para especialidades, como las consultas externas y estudios de laboratorio, ultrasonidos, mastograf\u00eda, tomograf\u00eda y electrocardiograma, que son proporcionados a trav\u00e9s de los hospitales generales Agust\u00edn O\u2019Hor\u00e1n en M\u00e9rida, el de Valladolid (HGV), Hospital Psiqui\u00e1trico Yucat\u00e1n (HPY) y la Unidad de Especialidades M\u00e9dicas (Uneme) de Oncolog\u00eda Ambulatoria.<\/p>\n\n\n\n<p>De manera particular, hay que destacar que el Gobernador entreg\u00f3 y puso en funcionamiento un tom\u00f3grafo en el Hospital General de Valladolid para hacer estudios m\u00e9dicos avanzados, lo que beneficia a habitantes del oriente de Yucat\u00e1n, incluyendo a derechohabientes del IMSS que viven en esa regi\u00f3n.<\/p>\n\n\n\n<p>Durante el encuentro, se record\u00f3 que el Gobierno del Estado puso en marcha el programa \u201cM\u00e9dico a domicilio\u201d, que lleva atenci\u00f3n a adultos mayores, personas con discapacidad o enfermas que est\u00e1n imposibilitadas para moverse, as\u00ed como a mujeres embarazadas en 40 municipios, quienes recibir\u00e1n la atenci\u00f3n en sus propias casas, y \u201cM\u00e9dico 24\/7\u201d, ofrece atenci\u00f3n m\u00e9dica al finalizar el horario de labores en los centros de salud o cl\u00ednicas p\u00fablicas de otros 25 municipios del estado.<\/p>\n\n\n\n<p>En ese sentido, se mencion\u00f3 que ambos esquemas, impulsados por Vila Dosal, tambi\u00e9n atienden a derechohabientes del IMSS, principalmente a los que viven en los municipios y que, por diversas causas, se les dificulta viajar hasta M\u00e9rida, ya que la finalidad es que todos los yucatecos gocen de servicios de salud dignos y de calidad.<\/p>\n\n\n\n<p>Otro de los temas que el Gobernador y el director del IMSS revisaron se encuentran los avances para resolver la situaci\u00f3n del Hospital de Ticul, actualmente inconcluso y sobre el cual el Presidente Andr\u00e9s Manuel L\u00f3pez Obrador se comprometi\u00f3 a darle seguimiento para finalmente terminar los trabajos de construcci\u00f3n y ponerlo en operaci\u00f3n para que brinde servicios de salud en la regi\u00f3n sur del estado.<\/p>\n\n\n\n<p>El Gobernador aprovech\u00f3 esta reuni\u00f3n para extender un reconocimiento al director Robledo Aburto por las diversas estrategias que el IMSS lleva a cabo en el estado para preservar y mejorar la salud de los yucatecos, al tiempo que refrend\u00f3 la disposici\u00f3n del Gobierno del Estado de mantener la sinergia que actualmente existe con el instituto.<\/p>\n\n\n\n<p>Como parte de su jornada de actividades de este d\u00eda, Vila Dosal sostuvo un encuentro con el consejero Jur\u00eddico del Gobierno de M\u00e9xico, Julio Scherer Ibarra, con quien acord\u00f3 trabajar de manera conjunta para fortalecer los instrumentos jur\u00eddicos en el estado, brindando confianza, certeza y seguridad a todas las familias yucatecas.<\/p>\n\n\n\n<p>Ah\u00ed, el Gobernador expres\u00f3 que este trabajo conjunto es el camino correcto para poder impulsar el desarrollo del estado para beneficiar a todos sus habitantes.<\/p>\n","protected":false},"excerpt":{"rendered":"<p>Ciudad de M\u00e9xico, 6 de agosto de 2019.- El Gobernador Mauricio Vila Dosal se reuni\u00f3 este d\u00eda con el director del Instituto Mexicano del Seguro Social (IMSS), Zo\u00e9 Robledo Aburto,<\/p>\n","protected":false},"author":1,"featured_media":73618,"comment_status":"open","ping_status":"open","sticky":false,"template":"","format":"standard","meta":{"jetpack_post_was_ever_published":false,"_jetpack_newsletter_access":"","_jetpack_dont_email_post_to_subs":false,"_jetpack_newsletter_tier_id":0,"_jetpack_memberships_contains_paywalled_content":false,"_jetpack_memberships_contains_paid_content":false,"footnotes":"","jetpack_publicize_message":"","jetpack_publicize_feature_enabled":true,"jetpack_social_post_already_shared":true,"jetpack_social_options":{"image_generator_settings":{"template":"highway","default_image_id":0,"font":"","enabled":false},"version":2}},"categories":[17],"tags":[],"class_list":["post-73617","post","type-post","status-publish","format-standard","has-post-thumbnail","hentry","category-politica-y-gobierno"],"jetpack_publicize_connections":[],"jetpack_featured_media_url":"https:\/\/formalprision.com\/wp-content\/uploads\/2019\/08\/3E281C9E-1F7B-47DB-B900-806B70BB3D94.jpeg","jetpack_sharing_enabled":true,"jetpack_shortlink":"https:\/\/wp.me\/p6id8p-j9n","_links":{"self":[{"href":"https:\/\/formalprision.com\/index.php?rest_route=\/wp\/v2\/posts\/73617","targetHints":{"allow":["GET"]}}],"collection":[{"href":"https:\/\/formalprision.com\/index.php?rest_route=\/wp\/v2\/posts"}],"about":[{"href":"https:\/\/formalprision.com\/index.php?rest_route=\/wp\/v2\/types\/post"}],"author":[{"embeddable":true,"href":"https:\/\/formalprision.com\/index.php?rest_route=\/wp\/v2\/users\/1"}],"replies":[{"embeddable":true,"href":"https:\/\/formalprision.com\/index.php?rest_route=%2Fwp%2Fv2%2Fcomments&post=73617"}],"version-history":[{"count":0,"href":"https:\/\/formalprision.com\/index.php?rest_route=\/wp\/v2\/posts\/73617\/revisions"}],"wp:featuredmedia":[{"embeddable":true,"href":"https:\/\/formalprision.com\/index.php?rest_route=\/wp\/v2\/media\/73618"}],"wp:attachment":[{"href":"https:\/\/formalprision.com\/index.php?rest_route=%2Fwp%2Fv2%2Fmedia&parent=73617"}],"wp:term":[{"taxonomy":"category","embeddable":true,"href":"https:\/\/formalprision.com\/index.php?rest_route=%2Fwp%2Fv2%2Fcategories&post=73617"},{"taxonomy":"post_tag","embeddable":true,"href":"https:\/\/formalprision.com\/index.php?rest_route=%2Fwp%2Fv2%2Ftags&post=73617"}],"curies":[{"name":"wp","href":"https:\/\/api.w.org\/{rel}","templated":true}]}}