{"id":7362,"date":"2012-01-27T21:58:00","date_gmt":"2012-01-27T21:58:00","guid":{"rendered":"http:\/\/formalprision.info\/2012\/01\/27\/detiene-la-fiscalia-al-dueno-de-la\/"},"modified":"2015-06-03T08:53:47","modified_gmt":"2015-06-03T08:53:47","slug":"detiene-la-fiscalia-al-dueno-de-la","status":"publish","type":"post","link":"https:\/\/formalprision.com\/?p=7362","title":{"rendered":"Detiene la Fiscal\u00eda al due\u00f1o de la cantina El Pocito"},"content":{"rendered":"<p><a href=\"http:\/\/3.bp.blogspot.com\/-esCM3wQdM1s\/TyMe4X9gX4I\/AAAAAAAAFsk\/LBF9y5SmXto\/s1600\/AAAFORMALPRICHIO.jpg\"><img decoding=\"async\" id=\"BLOGGER_PHOTO_ID_5702435507034677122\" style=\"FLOAT: left; MARGIN: 0px 10px 10px 0px; WIDTH: 320px; CURSOR: hand; HEIGHT: 278px\" alt=\"\" src=\"http:\/\/formalprision.com\/wp-content\/uploads\/2012\/01\/AAAFORMALPRICHIO.jpg\" border=\"0\" \/><\/a><\/p>\n<div>Agentes polic\u00edacos detuvieron esta tarde al propietario de la cantina El Pocito.<br \/>Se desconoce el motivo de la detenci\u00f3n, pero en el operativo participaron tres patrullas polic\u00edacas, al parecer de la Fiscal\u00eda General.<br \/>Rafael Albor D\u00edaz, seg\u00fan los testigos fue sacado de su negocio, ubicado en la zona de la colonia Alem\u00e1n.<br \/>El detenido fue llevado a los separos polic\u00edacos, aunque hasta el momento no ha precisado el motivo de la captura.<br \/>Seg\u00fan algunos testigos, la detenci\u00f3n fue a la fuerza, pues el due\u00f1o de la cantina opuso resistencia.<br \/>Algunas personas se\u00f1alan que el empresario podr\u00eda estar vinculado con la desaparici\u00f3n de seis veh\u00edculos de un lote de autos o bien que enfrenta una denuncia por un fraude. <\/div>\n","protected":false},"excerpt":{"rendered":"<p>Agentes polic\u00edacos detuvieron esta tarde al propietario de la cantina El Pocito.Se desconoce el motivo de la detenci\u00f3n, pero en el operativo participaron tres patrullas polic\u00edacas, al parecer de la<\/p>\n","protected":false},"author":1,"featured_media":24810,"comment_status":"open","ping_status":"open","sticky":false,"template":"","format":"standard","meta":{"jetpack_post_was_ever_published":false,"_jetpack_newsletter_access":"","_jetpack_dont_email_post_to_subs":false,"_jetpack_newsletter_tier_id":0,"_jetpack_memberships_contains_paywalled_content":false,"_jetpack_memberships_contains_paid_content":false,"footnotes":"","jetpack_publicize_message":"","jetpack_publicize_feature_enabled":true,"jetpack_social_post_already_shared":false,"jetpack_social_options":{"image_generator_settings":{"template":"highway","default_image_id":0,"font":"","enabled":false},"version":2}},"categories":[45,3,1],"tags":[],"class_list":["post-7362","post","type-post","status-publish","format-standard","has-post-thumbnail","hentry","category-delincuentes-vip","category-portada","category-sin-categoria"],"jetpack_publicize_connections":[],"jetpack_featured_media_url":"https:\/\/formalprision.com\/wp-content\/uploads\/2012\/01\/AAAFORMALPRICHIO.jpg","jetpack_sharing_enabled":true,"jetpack_shortlink":"https:\/\/wp.me\/p6id8p-1UK","_links":{"self":[{"href":"https:\/\/formalprision.com\/index.php?rest_route=\/wp\/v2\/posts\/7362","targetHints":{"allow":["GET"]}}],"collection":[{"href":"https:\/\/formalprision.com\/index.php?rest_route=\/wp\/v2\/posts"}],"about":[{"href":"https:\/\/formalprision.com\/index.php?rest_route=\/wp\/v2\/types\/post"}],"author":[{"embeddable":true,"href":"https:\/\/formalprision.com\/index.php?rest_route=\/wp\/v2\/users\/1"}],"replies":[{"embeddable":true,"href":"https:\/\/formalprision.com\/index.php?rest_route=%2Fwp%2Fv2%2Fcomments&post=7362"}],"version-history":[{"count":0,"href":"https:\/\/formalprision.com\/index.php?rest_route=\/wp\/v2\/posts\/7362\/revisions"}],"wp:featuredmedia":[{"embeddable":true,"href":"https:\/\/formalprision.com\/index.php?rest_route=\/wp\/v2\/media\/24810"}],"wp:attachment":[{"href":"https:\/\/formalprision.com\/index.php?rest_route=%2Fwp%2Fv2%2Fmedia&parent=7362"}],"wp:term":[{"taxonomy":"category","embeddable":true,"href":"https:\/\/formalprision.com\/index.php?rest_route=%2Fwp%2Fv2%2Fcategories&post=7362"},{"taxonomy":"post_tag","embeddable":true,"href":"https:\/\/formalprision.com\/index.php?rest_route=%2Fwp%2Fv2%2Ftags&post=7362"}],"curies":[{"name":"wp","href":"https:\/\/api.w.org\/{rel}","templated":true}]}}