{"id":73628,"date":"2019-08-08T11:06:27","date_gmt":"2019-08-08T16:06:27","guid":{"rendered":"http:\/\/formalprision.com\/?p=73628"},"modified":"2019-08-08T11:06:32","modified_gmt":"2019-08-08T16:06:32","slug":"convoca-ivonne-ortega-a-la-militancia-priista-a-vigilar-la-eleccion-del-domingo","status":"publish","type":"post","link":"https:\/\/formalprision.com\/?p=73628","title":{"rendered":"Convoca Ivonne Ortega a la militancia priista a vigilar la elecci\u00f3n del domingo"},"content":{"rendered":"\n<p>Ciudad de M\u00e9xico, 7 de agosto de 2019.-\u201cA tres d\u00edas de la elecci\u00f3n, nuestra militancia desconoce d\u00f3nde podr\u00e1 ejercer su voto\u201d, expuso Ivonne Ortega Pacheco.<\/p>\n\n\n\n<p>La candidata a la presidencia del CEN se refiri\u00f3 al hecho de que la Comisi\u00f3n Nacional de Procesos Internos no ha aprobado la ubicaci\u00f3n de las mesas receptoras de votos, lo que es una situaci\u00f3n preocupante por la incertidumbre que genera entre los militantes electores.<\/p>\n\n\n\n<p>En rueda de prensa posterior al segundo debate, Ortega Pacheco y su compa\u00f1ero de f\u00f3rmula Pepe Alfaro C\u00e1zares, informaron que tampoco se ha dado a conocer quienes ser\u00e1n los funcionarios de casilla responsables de recibir la votaci\u00f3n.<\/p>\n\n\n\n<p>Estas situaci\u00f3n, indicaron, \u201crompe con los principios de legalidad, transparencia, certeza y m\u00e1xima publicidad, que son principios constitucionales a los que debemos apegarnos en este proceso\u201d.<\/p>\n\n\n\n<p>Asimismo, la ex gobernadora de Yucat\u00e1n denunci\u00f3 \u201cla intromisi\u00f3n descarada de algunos gobiernos\u201d a favor del candidato de la c\u00fapula Alejandro Moreno C\u00e1rdenas, por lo cual hizo un llamado a la militancia a ser Militantes Vigilantes para desactivar cualquier intento de irregularidad en lo que resta de la campa\u00f1a y en la jornada electoral.<\/p>\n\n\n\n<p>Finalmente, invit\u00f3 a los priistas a verificar si aparecen en el padr\u00f3n y por tanto si podr\u00e1n votar este domingo 11 de agosto, y puso a disposici\u00f3n de la militancia la direcci\u00f3n web: afiliados.ivonne.mx que redirecciona al \u00e1rea de consulta del INE.<\/p>\n\n\n\n<p>Quienes est\u00e9n en el padr\u00f3n priista podr\u00e1n votar, incluso aquellos militantes cuyo registro aparezca con la leyenda \u201cen reserva\u201d, destac\u00f3.<\/p>\n\n\n\n<p>\u201cEl principal reto que tiene el PRI, es lograr que sus militantes vuelvan a confiar en el partido\u201d, dijo Ivonne Ortega, y para ello convoc\u00f3 a votar todos en la jornada electoral. (Comunicado de Prensa)<\/p>\n","protected":false},"excerpt":{"rendered":"<p>Ciudad de M\u00e9xico, 7 de agosto de 2019.-\u201cA tres d\u00edas de la elecci\u00f3n, nuestra militancia desconoce d\u00f3nde podr\u00e1 ejercer su voto\u201d, expuso Ivonne Ortega Pacheco. La candidata a la presidencia<\/p>\n","protected":false},"author":1,"featured_media":73629,"comment_status":"open","ping_status":"open","sticky":false,"template":"","format":"standard","meta":{"jetpack_post_was_ever_published":false,"_jetpack_newsletter_access":"","_jetpack_dont_email_post_to_subs":false,"_jetpack_newsletter_tier_id":0,"_jetpack_memberships_contains_paywalled_content":false,"_jetpack_memberships_contains_paid_content":false,"footnotes":"","jetpack_publicize_message":"","jetpack_publicize_feature_enabled":true,"jetpack_social_post_already_shared":true,"jetpack_social_options":{"image_generator_settings":{"template":"highway","default_image_id":0,"font":"","enabled":false},"version":2}},"categories":[14],"tags":[],"class_list":["post-73628","post","type-post","status-publish","format-standard","has-post-thumbnail","hentry","category-merida"],"jetpack_publicize_connections":[],"jetpack_featured_media_url":"https:\/\/formalprision.com\/wp-content\/uploads\/2019\/08\/IMG_4850.jpg","jetpack_sharing_enabled":true,"jetpack_shortlink":"https:\/\/wp.me\/p6id8p-j9y","_links":{"self":[{"href":"https:\/\/formalprision.com\/index.php?rest_route=\/wp\/v2\/posts\/73628","targetHints":{"allow":["GET"]}}],"collection":[{"href":"https:\/\/formalprision.com\/index.php?rest_route=\/wp\/v2\/posts"}],"about":[{"href":"https:\/\/formalprision.com\/index.php?rest_route=\/wp\/v2\/types\/post"}],"author":[{"embeddable":true,"href":"https:\/\/formalprision.com\/index.php?rest_route=\/wp\/v2\/users\/1"}],"replies":[{"embeddable":true,"href":"https:\/\/formalprision.com\/index.php?rest_route=%2Fwp%2Fv2%2Fcomments&post=73628"}],"version-history":[{"count":0,"href":"https:\/\/formalprision.com\/index.php?rest_route=\/wp\/v2\/posts\/73628\/revisions"}],"wp:featuredmedia":[{"embeddable":true,"href":"https:\/\/formalprision.com\/index.php?rest_route=\/wp\/v2\/media\/73629"}],"wp:attachment":[{"href":"https:\/\/formalprision.com\/index.php?rest_route=%2Fwp%2Fv2%2Fmedia&parent=73628"}],"wp:term":[{"taxonomy":"category","embeddable":true,"href":"https:\/\/formalprision.com\/index.php?rest_route=%2Fwp%2Fv2%2Fcategories&post=73628"},{"taxonomy":"post_tag","embeddable":true,"href":"https:\/\/formalprision.com\/index.php?rest_route=%2Fwp%2Fv2%2Ftags&post=73628"}],"curies":[{"name":"wp","href":"https:\/\/api.w.org\/{rel}","templated":true}]}}