{"id":73642,"date":"2019-08-08T12:03:06","date_gmt":"2019-08-08T17:03:06","guid":{"rendered":"http:\/\/formalprision.com\/?p=73642"},"modified":"2019-08-08T23:12:39","modified_gmt":"2019-08-09T04:12:39","slug":"quedara-impune-asesinato-de-conocido-psiquiatra-meridano","status":"publish","type":"post","link":"https:\/\/formalprision.com\/?p=73642","title":{"rendered":"Quedar\u00e1 impune asesinato de conocido psiquiatra meridano"},"content":{"rendered":"\n<p>El psiquiatra Pablo Santos Garc\u00eda Guti\u00e9rrez, acusado por la Fiscal\u00eda del Estado de asesinar y descuartizar a su colega Felipe de Jes\u00fas Triay Peniche, abandon\u00f3 el penal meridano  luego de obtener un amparo del Tercer Tribunal Colegiado con sede en Cholula, Puebla.<\/p>\n\n\n\n<p>Garc\u00eda Guti\u00e9rrez enfrentaba una condena de 35 a\u00f1os de prisi\u00f3n y permaneci\u00f3 preso casi 5 a\u00f1os, luego de haber sido apresado el 21 de agosto del 2014.<\/p>\n\n\n\n<p>Con la liberaci\u00f3n de Garc\u00eda Guti\u00e9rrez, ya no hay ning\u00fan encarcelado en este caso, pues el otro acusado, el tambi\u00e9n psiquiatra Enrique Lara Gonz\u00e1lez, fue dejado en libertad por duda razonable hace unos meses y ahora ambos est\u00e1n libres por vicios en la integraci\u00f3n del expedientes .<\/p>\n\n\n\n<p>Tras la sentencia de primera instancia, el caso se turn\u00f3 al Tribunal Superior de Justicia por apelaci\u00f3n de las partes, donde los magistrados de la Sala Penal confirmaron la sanci\u00f3n a Garc\u00eda Guti\u00e9rrez pero ahora la autoridad federal le concedi\u00f3 la libertad, revocando la resoluci\u00f3n del TSJ.<\/p>\n\n\n\n<p>El Tercer Tribunal Colegiado de Circuito del Centro Auxiliar de la Segunda Regi\u00f3n con residencia en Cholula, Puebla, le concedi\u00f3 el amparo por vicios de fondo en la integraci\u00f3n de la investigaci\u00f3n y orden\u00f3 su inmediata libertad.<\/p>\n\n\n\n<p>Al salir libre ayer, Pablo Santos dijo que a base de tortura lo forzaron a declarar y se tomaron las pruebas il\u00edcitas como l\u00edcitas, que al final de cuentas le dieron la libertad.<\/p>\n\n\n\n<p>Alrededor de las 18:30 horas de abandon\u00f3 el reclusorio con dos cajas. A las puertas del penal s\u00f3lo lo esperaban los representantes de los medios de comunicaci\u00f3n, pues ning\u00fan familiar hab\u00eda ido por \u00e9l.<\/p>\n\n\n\n<p>Expres\u00f3 que lo que le pas\u00f3 representa una verdadera historia de vida, que sent\u00eda una sensaci\u00f3n extra\u00f1a al salir. Hablo bien del sistema penitenciario de Yucat\u00e1n, asegurando que es un modelo de reinserci\u00f3n, donde la gente trabaja y se desarrolla.<\/p>\n\n\n\n<p>Mencion\u00f3 que estuvo impartiendo clases y practicando yoga en el Cereso, donde operan diversos talleres. Fue una gran experiencia que dur\u00f3 5 a\u00f1os, dijo.<\/p>\n\n\n\n<p>Se\u00f1al\u00f3 que trabajar\u00e1 ahora con la poblaci\u00f3n vulnerable, que est\u00e1 muy agradecido con los custodios y funcionarios del penal, que fueron como su segunda familia, ya que le dispensaron muchos apoyos.<\/p>\n\n\n\n<p>Dijo que no contrademandar\u00e1, pues no quiere pelear con nadie.<\/p>\n\n\n\n<p>Al final modo ya se iba en un autom\u00f3vil de una persona que ofreci\u00f3 llevarlo, lleg\u00f3 otro auto con se persona a la que reconoci\u00f3 y se fue con \u00e9sta.<\/p>\n","protected":false},"excerpt":{"rendered":"<p>El psiquiatra Pablo Santos Garc\u00eda Guti\u00e9rrez, acusado por la Fiscal\u00eda del Estado de asesinar y descuartizar a su colega Felipe de Jes\u00fas Triay Peniche, abandon\u00f3 el penal meridano luego de<\/p>\n","protected":false},"author":1,"featured_media":73643,"comment_status":"open","ping_status":"open","sticky":false,"template":"","format":"standard","meta":{"jetpack_post_was_ever_published":false,"_jetpack_newsletter_access":"","_jetpack_dont_email_post_to_subs":false,"_jetpack_newsletter_tier_id":0,"_jetpack_memberships_contains_paywalled_content":false,"_jetpack_memberships_contains_paid_content":false,"footnotes":"","jetpack_publicize_message":"","jetpack_publicize_feature_enabled":true,"jetpack_social_post_already_shared":true,"jetpack_social_options":{"image_generator_settings":{"template":"highway","default_image_id":0,"font":"","enabled":false},"version":2}},"categories":[59,3],"tags":[],"class_list":["post-73642","post","type-post","status-publish","format-standard","has-post-thumbnail","hentry","category-asesinos","category-portada"],"jetpack_publicize_connections":[],"jetpack_featured_media_url":"https:\/\/formalprision.com\/wp-content\/uploads\/2019\/08\/1565282585904-e1565283736154.jpeg","jetpack_sharing_enabled":true,"jetpack_shortlink":"https:\/\/wp.me\/p6id8p-j9M","_links":{"self":[{"href":"https:\/\/formalprision.com\/index.php?rest_route=\/wp\/v2\/posts\/73642","targetHints":{"allow":["GET"]}}],"collection":[{"href":"https:\/\/formalprision.com\/index.php?rest_route=\/wp\/v2\/posts"}],"about":[{"href":"https:\/\/formalprision.com\/index.php?rest_route=\/wp\/v2\/types\/post"}],"author":[{"embeddable":true,"href":"https:\/\/formalprision.com\/index.php?rest_route=\/wp\/v2\/users\/1"}],"replies":[{"embeddable":true,"href":"https:\/\/formalprision.com\/index.php?rest_route=%2Fwp%2Fv2%2Fcomments&post=73642"}],"version-history":[{"count":0,"href":"https:\/\/formalprision.com\/index.php?rest_route=\/wp\/v2\/posts\/73642\/revisions"}],"wp:featuredmedia":[{"embeddable":true,"href":"https:\/\/formalprision.com\/index.php?rest_route=\/wp\/v2\/media\/73643"}],"wp:attachment":[{"href":"https:\/\/formalprision.com\/index.php?rest_route=%2Fwp%2Fv2%2Fmedia&parent=73642"}],"wp:term":[{"taxonomy":"category","embeddable":true,"href":"https:\/\/formalprision.com\/index.php?rest_route=%2Fwp%2Fv2%2Fcategories&post=73642"},{"taxonomy":"post_tag","embeddable":true,"href":"https:\/\/formalprision.com\/index.php?rest_route=%2Fwp%2Fv2%2Ftags&post=73642"}],"curies":[{"name":"wp","href":"https:\/\/api.w.org\/{rel}","templated":true}]}}