{"id":73650,"date":"2019-08-08T15:33:27","date_gmt":"2019-08-08T20:33:27","guid":{"rendered":"http:\/\/formalprision.com\/?p=73650"},"modified":"2019-08-08T15:33:30","modified_gmt":"2019-08-08T20:33:30","slug":"mauricio-vila-inicia-la-entrega-de-274619-paquetes-utiles-escolares","status":"publish","type":"post","link":"https:\/\/formalprision.com\/?p=73650","title":{"rendered":"Mauricio Vila inicia la entrega de 274,619 paquetes \u00fatiles escolares"},"content":{"rendered":"\n<p>M\u00e9rida, Yucat\u00e1n, 8 de agosto de 2019.- Con una inversi\u00f3n de 92.5 millones de pesos, el gobernador Mauricio Vila Dosal inici\u00f3 la entrega de 247,619 paquetes de \u00fatiles escolares del programa \u201cImpulso Escolar\u201d para igual n\u00famero de estudiantes de escuelas p\u00fablicas de nivel primaria y secundaria en Yucat\u00e1n, apoyo que representa un importante ahorro para la econom\u00eda de las familias yucatecas ante el comienzo el ciclo lectivo 2019-2020, el pr\u00f3ximo lunes 26 de agosto.<\/p>\n\n\n\n<p>En las bodegas de la Secretar\u00eda de Desarrollo Social (Sedesol), Vila Dosal supervis\u00f3 este d\u00eda el proceso de empaquetado de dichos art\u00edculos, en los que se utiliza bolsas biodegradables, y puso en marcha su distribuci\u00f3n hacia los municipios de Chapab, Chochol\u00e1, Hocab\u00e1, Hom\u00fan, Huh\u00ed, Kinchil, Mococh\u00e1, Opich\u00e9n, Sucil\u00e1, Uc\u00fa y Ticul. Paulatinamente, los apoyos llegar\u00e1n al resto de los municipios del estado.<\/p>\n\n\n\n<p>En esta ocasi\u00f3n, la distribuci\u00f3n se har\u00e1 a trav\u00e9s de los Ayuntamientos, que ser\u00e1n los encargados de recoger y resguardar en sus comunidades los paquetes para que lunes 26 de agosto lo entreguen a todas las escuelas p\u00fablicas de sus municipios.<\/p>\n\n\n\n<p>Junto a estos paquetes escolares, que fueron armados conforme a las listas sugeridas por la Secretar\u00eda de Educaci\u00f3n P\u00fablica (SEP) federal, 208,533 alumnos de primaria recibir\u00e1n 2 camisas, 1 par de zapatos escolares y 1 mochila, con lo cual el Gobierno del Estado, a trav\u00e9s de las Secretar\u00edas de Desarrollo Social (Sedesol) y de Educaci\u00f3n (Segey), brinda un importante respaldo econ\u00f3mico para los padres de familia yucatecos al otorgarles a sus hijos estos productos necesarios para que puedan continar con su formaci\u00f3n y tener un mejor aprovechamiento escolar.<\/p>\n\n\n\n<p>En ese marco, el gobernador resalt\u00f3 que \u201cImpulso Escolar\u201d no s\u00f3lo beneficia a la educaci\u00f3n de los alumnos de primaria y secundaria, sino tambi\u00e9n a m\u00e1s de 2,000 familias que fabrican las camisas y zapatos para los estudiantes yucatecos, en alguno de los 120 talleres textiles ubicados en los municipios de M\u00e9rida, Ticul, Tekit, M\u00e9rida, Peto, Hocab\u00e1, Hunucm\u00e1, Huh\u00ed, Hom\u00fan, Timucuy, Cuzam\u00e1, Acanceh, Tekax, Espita y Motul, acci\u00f3n que se logr\u00f3 a trav\u00e9s de la C\u00e1mara Nacional de la Industria del Vestido (Canaive) Delegaci\u00f3n Yucat\u00e1n, representada por su titular Fernando Mu\u00f1oz C\u00e1mara.<\/p>\n\n\n\n<p>De igual forma, siguiendo con la pol\u00edtica de su gobierno, Vila Dosal remarc\u00f3 que todos los paquetes escolares se entregan en una envoltura biodegradable que cumple con los requisitos de la nueva Ley General para la Gesti\u00f3n Integral de los Residuos en el Estado y su Reglamento, iniciativa presentada durante su administraci\u00f3n, y que proh\u00edbe el uso de bolsas y popotes de pl\u00e1stico, as\u00ed como contenedores de unicel.<\/p>\n\n\n\n<p>En su mensaje, el gobernador tambi\u00e9n afirm\u00f3 que esta entrega, que complementa la distribuci\u00f3n de 2.7 millones de libros de texto gratuitos para alumnos de educaci\u00f3n b\u00e1sica en todo el estado, tambi\u00e9n llegar\u00e1 a tiempo, por lo cual hizo un llamado a los alcaldes de esos municipios a tomar las medidas pertinentes para su resguardo y posterior entrega a los alumnos yucatecos, el primer d\u00eda de clases.<\/p>\n\n\n\n<p>Con la entrega de estos paquetes le seguimos apostando a los estudiantes yucatecos. Por eso, les encargamos mucho a los alcaldes que nos apoyen para que las entregas puedan ser ordenadas, para que se entreguen en tiempo y forma, expres\u00f3 Vila Dosal.<\/p>\n\n\n\n<p>Al hacer un recorrido, el gobernador constat\u00f3 que ya se cuenta con lo necesario para despachar de manera inicial a 60 municipios, adem\u00e1s de que se ha mejorado la calidad de los zapatos, mochilas y camisas que se entregar\u00e1n este a\u00f1o, siendo que estas \u00faltimas ahora est\u00e1n fabricadas con una tela m\u00e1s gruesa, pero fresca y un cuello m\u00e1s resistente, con lo cual se obtiene un mayor tiempo de uso.<\/p>\n\n\n\n<p>De igual forma, los zapatos ahora cuentan con mejor calidad, destacando que el forro es de un material m\u00e1s resistente y la suela es de hule, lo cual permite una mejor flexibilidad para el d\u00eda a d\u00eda de los ni\u00f1os. Estos vienen en una caja que ha sido renovada para incluir algunos juegos did\u00e1cticos, con el fin de darle un segundo uso y no se convierta en simplemente un desperdicio.<\/p>\n\n\n\n<p>En el evento, se precis\u00f3 que, en caso de que los zapatos o camisas no sean de la talla del alumno, se tiene previsto un proceso para poder realizar el cambio correspondiente y en el menor tiempo posible, a fin de no dejar a ning\u00fan alumno sin su paquete de \u201cImpulso Escolar\u201d.<\/p>\n\n\n\n<p>Adem\u00e1s, se remarc\u00f3 que para seleccionar los \u00fatiles que se incluyen en los paquetes escolares, la Segey consult\u00f3 directamente a los maestros y se les hizo un llamado a limitarse a los art\u00edculos contenidos en este beneficio para evitar que los padres de familia realicen gastos adicionales.<\/p>\n\n\n\n<p>Para la distribuci\u00f3n en tiempo y forma de todos estos \u00fatiles, 39 personas laboran para recibir los productos, realizar el control de calidad de calidad correspondiente, empaquetar y posteriormente distribuirlos en todo el estado.<\/p>\n\n\n\n<p>En el evento estuvieron presentes los titulares de la Sedesol, Roger Torres Peniche y de la Segey, Loreto Villanueva Trujillo, as\u00ed como el diputado local Luis Mar\u00eda Aguilar Castillo y los alcaldes de Chapab, Elbier Salazar Ch\u00ed; de Chochol\u00e1, Pedro Pech Arag\u00f3n; de Hom\u00fan, Manuel Ch\u00ed Chin; de Kinchil, Carlos Pech Dzib; de Mococh\u00e1, Luz Aguilar Cruz; de Samahil, Rigoberto Tun Salas; de Sucil\u00e1, Diego Lugo Interi\u00e1n; y de Uc\u00fa, Gaspar Pinto Ojeda.<\/p>\n\n\n\n<p>De igual forma el representante del municipio de Huh\u00ed, Alex Gonz\u00e1lez Araujo y de Opich\u00e9n, Mar\u00eda Chan Pist\u00e9. (Comunicado de Prensa)<\/p>\n","protected":false},"excerpt":{"rendered":"<p>M\u00e9rida, Yucat\u00e1n, 8 de agosto de 2019.- Con una inversi\u00f3n de 92.5 millones de pesos, el gobernador Mauricio Vila Dosal inici\u00f3 la entrega de 247,619 paquetes de \u00fatiles escolares del<\/p>\n","protected":false},"author":1,"featured_media":73651,"comment_status":"open","ping_status":"open","sticky":false,"template":"","format":"standard","meta":{"jetpack_post_was_ever_published":false,"_jetpack_newsletter_access":"","_jetpack_dont_email_post_to_subs":false,"_jetpack_newsletter_tier_id":0,"_jetpack_memberships_contains_paywalled_content":false,"_jetpack_memberships_contains_paid_content":false,"footnotes":"","jetpack_publicize_message":"","jetpack_publicize_feature_enabled":true,"jetpack_social_post_already_shared":true,"jetpack_social_options":{"image_generator_settings":{"template":"highway","default_image_id":0,"font":"","enabled":false},"version":2}},"categories":[17],"tags":[],"class_list":["post-73650","post","type-post","status-publish","format-standard","has-post-thumbnail","hentry","category-politica-y-gobierno"],"jetpack_publicize_connections":[],"jetpack_featured_media_url":"https:\/\/formalprision.com\/wp-content\/uploads\/2019\/08\/616A93C7-2C5B-4E8E-A4B6-BC802B73DC97.jpeg","jetpack_sharing_enabled":true,"jetpack_shortlink":"https:\/\/wp.me\/p6id8p-j9U","_links":{"self":[{"href":"https:\/\/formalprision.com\/index.php?rest_route=\/wp\/v2\/posts\/73650","targetHints":{"allow":["GET"]}}],"collection":[{"href":"https:\/\/formalprision.com\/index.php?rest_route=\/wp\/v2\/posts"}],"about":[{"href":"https:\/\/formalprision.com\/index.php?rest_route=\/wp\/v2\/types\/post"}],"author":[{"embeddable":true,"href":"https:\/\/formalprision.com\/index.php?rest_route=\/wp\/v2\/users\/1"}],"replies":[{"embeddable":true,"href":"https:\/\/formalprision.com\/index.php?rest_route=%2Fwp%2Fv2%2Fcomments&post=73650"}],"version-history":[{"count":0,"href":"https:\/\/formalprision.com\/index.php?rest_route=\/wp\/v2\/posts\/73650\/revisions"}],"wp:featuredmedia":[{"embeddable":true,"href":"https:\/\/formalprision.com\/index.php?rest_route=\/wp\/v2\/media\/73651"}],"wp:attachment":[{"href":"https:\/\/formalprision.com\/index.php?rest_route=%2Fwp%2Fv2%2Fmedia&parent=73650"}],"wp:term":[{"taxonomy":"category","embeddable":true,"href":"https:\/\/formalprision.com\/index.php?rest_route=%2Fwp%2Fv2%2Fcategories&post=73650"},{"taxonomy":"post_tag","embeddable":true,"href":"https:\/\/formalprision.com\/index.php?rest_route=%2Fwp%2Fv2%2Ftags&post=73650"}],"curies":[{"name":"wp","href":"https:\/\/api.w.org\/{rel}","templated":true}]}}