{"id":7367,"date":"2012-01-27T14:21:00","date_gmt":"2012-01-27T14:21:00","guid":{"rendered":"http:\/\/formalprision.info\/2012\/01\/27\/identifican-la-asesinada-en-maxcanu-era\/"},"modified":"2015-06-03T08:53:48","modified_gmt":"2015-06-03T08:53:48","slug":"identifican-la-asesinada-en-maxcanu-era","status":"publish","type":"post","link":"https:\/\/formalprision.com\/?p=7367","title":{"rendered":"Identifican a la asesinada en Maxcan\u00fa; era una jovencita de 16 a\u00f1os"},"content":{"rendered":"<p><a href=\"http:\/\/3.bp.blogspot.com\/-IwUdF-T2d64\/TyJRE5mbLFI\/AAAAAAAAFr0\/mjQTLRnhMRI\/s1600\/aaaaescudo%2Bde%2Bla%2Bfiscalia.jpg\"><img decoding=\"async\" id=\"BLOGGER_PHOTO_ID_5702209222827781202\" style=\"FLOAT: left; MARGIN: 0px 10px 10px 0px; WIDTH: 320px; CURSOR: hand; HEIGHT: 318px\" alt=\"\" src=\"http:\/\/formalprision.com\/wp-content\/uploads\/2012\/01\/aaaaescudo-de-la-fiscalia3.jpg\" border=\"0\" \/><\/a><\/p>\n<p><\/p>\n<div>El cuerpo hallado calcinado cerca de Maxcan\u00fa corresponde al de una jovencita de 16 a\u00f1os, lo que hacer resurgir el recuerdo del matachavitas, un asesino serial que oper\u00f3 cerca de M\u00e9rida hace algunos a\u00f1os.<br \/>Sin embargo, hasta el momento las autoridades no han confirmado si el caso pudiera estar relacionado con un asesino serial, pese a que en la misma zona ocurri\u00f3 un homicidio similar hace varios meses.<br \/>Se inform\u00f3 que la v\u00edctima es Reina Alejandra Polanco Uicab, de 16 a\u00f1os y vecina de la comisar\u00eda de San Fernando, en Maxcan\u00fa. En un principio se dijo que el cad\u00e1ver era de una mujer de entre 30 y 40 a\u00f1os, pero ya se determin\u00f3 que corresponde al de la jovencita.<br \/>La joven hab\u00eda salido de su casa para asistir a un baile en la comisar\u00eda de Para\u00edso, donde ver\u00eda a su novio, pero nunca lleg\u00f3 ella.<br \/>El cuerpo fue hallado con el rostro quemado y al parecer el deceso se produjo por un golpe en la cabeza, adem\u00e1s de que la adolescente habr\u00eda sido violada antes del crimen.<br \/>El apicultor Juan Pablo Ku Pool hall\u00f3 el cuerpo en un paraje que conduce a un rancho entre Para\u00edso y la cabecera Maxcan\u00fa.Este apicultor y el due\u00f1o del rancho, Jos\u00e9 Ariel Catz\u00edn, ya fueron interrogados por la Fiscal\u00eda, lo mismo que el novio de la muchachita, Gaspar Cocom Rivero, de 19 a\u00f1os y vecino de San Fernando.<br \/>El cuerpo fue identificado por una cicatriz que ten\u00eda en un brazo por una lesi\u00f3n accidental que sufri\u00f3 con un machete.<br \/>No se hallaron las prendas que llevaba, como sus aretes y una pulsera, y tampoco apareci\u00f3 su tel\u00e9fono celular.<br \/>Antes, el 26 de abril de 2011 tambi\u00e9n se hall\u00f3 el cuerpo descuartizado de una mujer en una brecha cercana a la zona arqueol\u00f3gica de Oxkintok, en Maxcan\u00fa.<br \/>Hace tres a\u00f1os, en varias poblaciones cercanas a M\u00e9rida aparecieron asesinadas cinco jovencitas de entre 15 y 17 a\u00f1os. El autor de los cr\u00edmenes fue detenido, pero luego se inform\u00f3 que se suicid\u00f3 en la c\u00e1rcel.<\/div>\n","protected":false},"excerpt":{"rendered":"<p>El cuerpo hallado calcinado cerca de Maxcan\u00fa corresponde al de una jovencita de 16 a\u00f1os, lo que hacer resurgir el recuerdo del matachavitas, un asesino serial que oper\u00f3 cerca de<\/p>\n","protected":false},"author":1,"featured_media":24820,"comment_status":"open","ping_status":"open","sticky":false,"template":"","format":"standard","meta":{"jetpack_post_was_ever_published":false,"_jetpack_newsletter_access":"","_jetpack_dont_email_post_to_subs":false,"_jetpack_newsletter_tier_id":0,"_jetpack_memberships_contains_paywalled_content":false,"_jetpack_memberships_contains_paid_content":false,"footnotes":"","jetpack_publicize_message":"","jetpack_publicize_feature_enabled":true,"jetpack_social_post_already_shared":false,"jetpack_social_options":{"image_generator_settings":{"template":"highway","default_image_id":0,"font":"","enabled":false},"version":2}},"categories":[59,3,1],"tags":[],"class_list":["post-7367","post","type-post","status-publish","format-standard","has-post-thumbnail","hentry","category-asesinos","category-portada","category-sin-categoria"],"jetpack_publicize_connections":[],"jetpack_featured_media_url":"https:\/\/formalprision.com\/wp-content\/uploads\/2012\/01\/aaaaescudo-de-la-fiscalia3.jpg","jetpack_sharing_enabled":true,"jetpack_shortlink":"https:\/\/wp.me\/p6id8p-1UP","_links":{"self":[{"href":"https:\/\/formalprision.com\/index.php?rest_route=\/wp\/v2\/posts\/7367","targetHints":{"allow":["GET"]}}],"collection":[{"href":"https:\/\/formalprision.com\/index.php?rest_route=\/wp\/v2\/posts"}],"about":[{"href":"https:\/\/formalprision.com\/index.php?rest_route=\/wp\/v2\/types\/post"}],"author":[{"embeddable":true,"href":"https:\/\/formalprision.com\/index.php?rest_route=\/wp\/v2\/users\/1"}],"replies":[{"embeddable":true,"href":"https:\/\/formalprision.com\/index.php?rest_route=%2Fwp%2Fv2%2Fcomments&post=7367"}],"version-history":[{"count":0,"href":"https:\/\/formalprision.com\/index.php?rest_route=\/wp\/v2\/posts\/7367\/revisions"}],"wp:featuredmedia":[{"embeddable":true,"href":"https:\/\/formalprision.com\/index.php?rest_route=\/wp\/v2\/media\/24820"}],"wp:attachment":[{"href":"https:\/\/formalprision.com\/index.php?rest_route=%2Fwp%2Fv2%2Fmedia&parent=7367"}],"wp:term":[{"taxonomy":"category","embeddable":true,"href":"https:\/\/formalprision.com\/index.php?rest_route=%2Fwp%2Fv2%2Fcategories&post=7367"},{"taxonomy":"post_tag","embeddable":true,"href":"https:\/\/formalprision.com\/index.php?rest_route=%2Fwp%2Fv2%2Ftags&post=7367"}],"curies":[{"name":"wp","href":"https:\/\/api.w.org\/{rel}","templated":true}]}}