{"id":73696,"date":"2019-08-10T12:45:53","date_gmt":"2019-08-10T17:45:53","guid":{"rendered":"http:\/\/formalprision.com\/?p=73696"},"modified":"2019-08-10T12:46:01","modified_gmt":"2019-08-10T17:46:01","slug":"el-regreso-de-lordtianguis-al-ayuntamiento-de-merida","status":"publish","type":"post","link":"https:\/\/formalprision.com\/?p=73696","title":{"rendered":"El regreso de #LordTianguis al Ayuntamiento de M\u00e9rida"},"content":{"rendered":"\n<p>M\u00e9rida, Yucat\u00e1n, 10 de agosto de 2019.-Miguel \u00c1ngel \u201cEl Negro\u201d Guti\u00e9rrez Machado, quien ma\u00f1ana domingo aspira a seguir moviendo los hilos de su partido, el PAN, busca un lugar en el Consejo Pol\u00edtico Estatal con miras a las elecciones de 2021, en las cuales busca perfilarse para regresar por un mayor y jugoso puesto. <\/p>\n\n\n\n<p>Astuto, pol\u00e9mico, calculador, traicionero, corrupto, aprovechado y manipulador son algunos de los calificativos que se ha forjado a lo largo de su desempe\u00f1o en la pol\u00edtica que inici\u00f3 en la primera administraci\u00f3n panista de M\u00e9rida como director de Desarrollo Social y Comunitario siendo alcaldesa Ana Rosa Pay\u00e1n Cervera.<\/p>\n\n\n\n<p>Autor intelectual de la llamada \u201cTormenta Panista\u201d, -la primera divisi\u00f3n interna p\u00fablica en el PAN- el \u201cNegro\u201d Machado compiti\u00f3 por primera vez para ser presidente del Comit\u00e9 Municipal de M\u00e9rida enfrent\u00e1ndose a una de las figuras m\u00e1s simb\u00f3licas del panismo, Roger Cicero Mackinney; a la postre, futuro suegro de Patricio Patr\u00f3n Laviada. <\/p>\n\n\n\n<p>Durante el gobierno municipal de Xavier Abreu Sierra, ya como presidente del CDM panista, tambi\u00e9n tuvo el cargo de Director de Gobernaci\u00f3n, cargo que tambi\u00e9n tuvo que dejar bajo acusaciones de corrupci\u00f3n en el \u00e1rea de Espect\u00e1culos y tambi\u00e9n en Comisar\u00edas, siendo jefe del \u00e1rea Aldo D\u00edaz Novelo. <\/p>\n\n\n\n<p>Su pasi\u00f3n por los negocios al amparo del poder se revel\u00f3 desde que fuera diputado federal e integrante de la Comisi\u00f3n de Medio Ambiente, abriendo un despacho para otorgar permisos ambientales a la industria hotelera y restaurantera de Quintana Roo, gracias a sus influencias con el secretario V\u00edctor Lichtinger.<\/p>\n\n\n\n<p>Desde ese cargo financi\u00f3 buena parte de la campa\u00f1a de Ana Rosa Pay\u00e1n Cervera para un segundo per\u00edodo. En ese lapso, el \u201cNegro\u201d sigui\u00f3 controlando el \u00e1rea de mercados municipales y dio inicio a la llamada era de los tianguis en M\u00e9rida, una operaci\u00f3n para obtener recursos ilimitados utilizando los espacios p\u00fablicos destinados al recreo de los meridanos para obtener grandes ganancias y al mismo tiempo controlar el ambulantaje en el Centro Hist\u00f3rico.<\/p>\n\n\n\n<p>Sin duda, sus ansias de poder lo han llevado a ser un fiel seguidor de la doctrina maquiav\u00e9lica que dice \u201cel fin justifica los medios\u201d y no ha dudado en traicionar a su propio partido, como lo hizo en 2010, cuando oper\u00f3 en favor de la candidata del PRI, Ang\u00e9lica Araujo Laura, para que llegara a la alcald\u00eda meridana. <\/p>\n\n\n\n<p>En esa elecci\u00f3n la candidata del PAN fue Beatriz Zavala Peniche, del grupo de su enemigo Patricio Patr\u00f3n Laviada. <\/p>\n\n\n\n<p>Dicha traici\u00f3n le fue recompensada en 2012, cuando de nuevo busc\u00f3 la candidatura de su partido a la alcald\u00eda de M\u00e9rida, abanicado o apadrinado, seg\u00fan se dijo, por el PRI a trav\u00e9s de Gaspar Quintal Parra, oficial mayor del ayuntamiento de Ang\u00e9lica Araujo Lara. En esa ocasi\u00f3n el candidato result\u00f3 Ren\u00e1n Barrera Concha, quien despu\u00e9s gan\u00f3 la alcald\u00eda meridana.  <\/p>\n\n\n\n<p>Se dice que en compensaci\u00f3n, Barrera Concha lo premio con un cargo en el ayuntamiento desde donde oper\u00f3 lo relativo al ambulantaje y los tianguis y sacando grandes ganancias con los permisos y derechos de piso, dejando toda esa situaci\u00f3n en completo desorden.<\/p>\n\n\n\n<p>Se calcula que durante la administraci\u00f3n de Barrera Concha el n\u00famero de tianguistas en M\u00e9rida se elev\u00f3 a m\u00e1s de 400 sin que existiera un solo padr\u00f3n de tianguistas ni una relaci\u00f3n de espacios p\u00fablicos donde se instalaran este tipo de comercios. <\/p>\n\n\n\n<p>Para \u201cEl Negro\u201d Machado el negocio era doble: la renta de piso por metro cuadrado subi\u00f3 a m\u00e1s de $23 pesos por metro cuadrado. Pero el verdadero filete del negocio consist\u00eda en la renta obligatoria de toldos a los tianguistas lo cual generaba ganancias ilimitadas, especialmente en los parques m\u00e1s grandes ubicados en zonas populares como el de la Serapio Rend\u00f3n, o el de Pol\u00edgono 108.<\/p>\n\n\n\n<p>Los tianguistas tambi\u00e9n eran obligados a pagar servicio de limpieza, luz, ba\u00f1os, servicios que en la mayor\u00eda de los casos no se prestaban, lo cual dejaba a los espacios p\u00fablicos en condiciones insalubre e inseguras. <\/p>\n\n\n\n<p>Todas estas ganancias eran administradas por el \u201cNegro\u201d Machado sin que un solo peso entrara a la Tesorer\u00eda Municipal, violando el art\u00edculo 98, fracci\u00f3n I, inciso e, de la Ley de Hacienda del Municipio de M\u00e9rida.<\/p>\n\n\n\n<p>Con el regreso de Ren\u00e1n Barrera Concha a la alcald\u00eda, el \u201cNegro\u201d ya inici\u00f3 de nuevo este negocio: recientemente, los tianguistas que participan en la venta de autos en la Central de Abastos se\u00f1alaron que ahora ya reciben presiones de este personaje que afectan sus actividades.<\/p>\n\n\n\n<p>Acusan a Guti\u00e9rrez Machado de elevar el precio del servicio de sanitarios, les quit\u00f3 la vigilancia los s\u00e1bados por la noche y, a los vendedores ambulantes, se les impidi\u00f3 el paso y los replegaron a un sitio cercano a la entrada. Tal parece que su intenci\u00f3n es acabar con ese tianguis o sacar alg\u00fan provecho para \u00e9l. <\/p>\n\n\n\n<p>Con el cambio del Comit\u00e9 Directivo Municipal de M\u00e9rida, de nuevo Guti\u00e9rrez Machado ve la  oportunidad de posicionarse para  tratar de influir en la selecci\u00f3n de candidatos para las elecciones de 2021, cuando se elegir\u00e1n diputados y alcaldes.<\/p>\n\n\n\n<p>El \u201cNegro\u201d Machado, quien apoya la candidatura de Josu\u00e9 Camargo Gamboa, exdirector Planeaci\u00f3n y Gesti\u00f3n del Ayuntamiento de M\u00e9rida, ve en ese cambio una oportunidad que no puede dejar pasar para seguir con sus negocios.<\/p>\n","protected":false},"excerpt":{"rendered":"<p>M\u00e9rida, Yucat\u00e1n, 10 de agosto de 2019.-Miguel \u00c1ngel \u201cEl Negro\u201d Guti\u00e9rrez Machado, quien ma\u00f1ana domingo aspira a seguir moviendo los hilos de su partido, el PAN, busca un lugar en<\/p>\n","protected":false},"author":1,"featured_media":73697,"comment_status":"open","ping_status":"open","sticky":false,"template":"","format":"standard","meta":{"jetpack_post_was_ever_published":false,"_jetpack_newsletter_access":"","_jetpack_dont_email_post_to_subs":false,"_jetpack_newsletter_tier_id":0,"_jetpack_memberships_contains_paywalled_content":false,"_jetpack_memberships_contains_paid_content":false,"footnotes":"","jetpack_publicize_message":"","jetpack_publicize_feature_enabled":true,"jetpack_social_post_already_shared":true,"jetpack_social_options":{"image_generator_settings":{"template":"highway","default_image_id":0,"font":"","enabled":false},"version":2}},"categories":[14],"tags":[],"class_list":["post-73696","post","type-post","status-publish","format-standard","has-post-thumbnail","hentry","category-merida"],"jetpack_publicize_connections":[],"jetpack_featured_media_url":"https:\/\/formalprision.com\/wp-content\/uploads\/2019\/08\/IMG_4879.jpg","jetpack_sharing_enabled":true,"jetpack_shortlink":"https:\/\/wp.me\/p6id8p-jaE","_links":{"self":[{"href":"https:\/\/formalprision.com\/index.php?rest_route=\/wp\/v2\/posts\/73696","targetHints":{"allow":["GET"]}}],"collection":[{"href":"https:\/\/formalprision.com\/index.php?rest_route=\/wp\/v2\/posts"}],"about":[{"href":"https:\/\/formalprision.com\/index.php?rest_route=\/wp\/v2\/types\/post"}],"author":[{"embeddable":true,"href":"https:\/\/formalprision.com\/index.php?rest_route=\/wp\/v2\/users\/1"}],"replies":[{"embeddable":true,"href":"https:\/\/formalprision.com\/index.php?rest_route=%2Fwp%2Fv2%2Fcomments&post=73696"}],"version-history":[{"count":0,"href":"https:\/\/formalprision.com\/index.php?rest_route=\/wp\/v2\/posts\/73696\/revisions"}],"wp:featuredmedia":[{"embeddable":true,"href":"https:\/\/formalprision.com\/index.php?rest_route=\/wp\/v2\/media\/73697"}],"wp:attachment":[{"href":"https:\/\/formalprision.com\/index.php?rest_route=%2Fwp%2Fv2%2Fmedia&parent=73696"}],"wp:term":[{"taxonomy":"category","embeddable":true,"href":"https:\/\/formalprision.com\/index.php?rest_route=%2Fwp%2Fv2%2Fcategories&post=73696"},{"taxonomy":"post_tag","embeddable":true,"href":"https:\/\/formalprision.com\/index.php?rest_route=%2Fwp%2Fv2%2Ftags&post=73696"}],"curies":[{"name":"wp","href":"https:\/\/api.w.org\/{rel}","templated":true}]}}