{"id":73702,"date":"2019-08-10T22:20:30","date_gmt":"2019-08-11T03:20:30","guid":{"rendered":"http:\/\/formalprision.com\/?p=73702"},"modified":"2019-08-10T22:20:36","modified_gmt":"2019-08-11T03:20:36","slug":"graves-anomalias-previo-a-la-jornada-electoral-priista","status":"publish","type":"post","link":"https:\/\/formalprision.com\/?p=73702","title":{"rendered":"Graves anomal\u00edas previo a la jornada electoral priista"},"content":{"rendered":"\n<p>Ciudad de M\u00e9xico, 10 de agosto de 2019.-A menos de 24 horas del inicio de la jornada electoral priista, se ha detectado la apertura de paquetes electorales as\u00ed como la sustracci\u00f3n de boletas en diversas regiones del pa\u00eds, lo que constituye una grave anomal\u00eda que atenta contra los principios de legalidad, certeza y transparencia del proceso.<\/p>\n\n\n\n<p>Los representantes de la f\u00f3rmula Ivonne Ortega Pacheco-Pepe Alfaro C\u00e1zares, Sergio Bogar Cuevas Gonz\u00e1lez y Jorge Alberto Blanco S\u00e1nchez, denunciaron lo anterior y explicaron que esa situaci\u00f3n se debi\u00f3 a la ausencia de la cadena de custodia porque las acreditaciones de los representantes de dicha cadena se emitieron despu\u00e9s de que los paquetes fueron distribuidos.<\/p>\n\n\n\n<p>\u201cSeg\u00fan las reglas dadas por la autoridad del partido, se dispone que los Enlaces Operativos distritales trasladar\u00edan los paquetes con material y documentaci\u00f3n electoral de las bodegas de los \u00d3rganos Auxiliares en los Estados hacia los Presidentes de las Mesas Receptoras de Votaci\u00f3n (MRV), lo cual estaba previsto a partir de las 9:00 horas del jueves 8 de agosto de 2019 (72 horas antes de la apertura de votaci\u00f3n). Sin embargo, el sistema de registro de representantes de cadena de custodia no emiti\u00f3 las acreditaciones correspondientes sino hasta la madrugada del d\u00eda 10 de agosto. Por lo tanto, los paquetes partieron con los Enlaces Operativos para ser distribuidos sin la debida vigilancia de los representantes de los candidatos que los custodiar\u00edan, dando con ello lugar a pr\u00e1cticas que afectan la legalidad y certeza del proceso\u201d, informaron los abogados.<\/p>\n\n\n\n<p>\u201cDichas pr\u00e1cticas, han consistido en la indebida apertura y manipulaci\u00f3n de los paquetes con sus boletas, las que han sido extra\u00eddas del paquete antes de lo permitido, lo que es una irregularidad grave\u201d, indicaron.<\/p>\n\n\n\n<p>Asimismo, los representantes, denunciaron que despu\u00e9s de haber acreditado el 100% de representantes de casilla propietarios y suplentes de la f\u00f3rmula, errores de programaci\u00f3n y \u201cca\u00eddas\u201d del sistema que el CEN habilit\u00f3 para registrar los nombres de dichos representantes de casilla, ocasionaron que un porcentaje de nombres fueran literalmente borrados.<\/p>\n\n\n\n<p>\u201cEs lamentable que una presunta falla del sistema de c\u00f3mputo deje en indefensi\u00f3n jur\u00eddica a la f\u00f3rmula que representamos, en un hecho que presume dolo y que tambi\u00e9n constituye una causa de impugnaci\u00f3n, pues no tendremos representantes de la f\u00f3rmula en las casillas donde fueron \u201cborrados\u201d por alguna \u201cextra\u00f1a\u201d raz\u00f3n, lo que viola los principios de legalidad, certeza, equidad y objetividad\u201d, explicaron.<\/p>\n\n\n\n<p>Igualmente, dicho sistema inform\u00e1tico cambi\u00f3 arbitrariamente la ubicaci\u00f3n de los representantes que alcanzaron a ser registrados, lo que evidentemente afecta la representaci\u00f3n electoral de la f\u00f3rmula, se\u00f1alaron.<\/p>\n\n\n\n<p>\u201cHay casos de cambios arbitrarios de ubicaci\u00f3n de una mesa receptora de voto a otra, de un municipio a otro y en algunos casos de un Estado a otro, lo que es totalmente inaceptable\u201d, indic\u00f3 Cuevas Gonz\u00e1lez.<\/p>\n\n\n\n<p>\u201cTodas estas anomal\u00edas deben ser corregidas a la brevedad posible para no poner en riesgo el proceso. A nosotros nos preocupa particularmente porque nuestros representados han recibido el respaldo mayoritario de los militantes y han procurado siempre actuar con apego a la ley y a las normas del partido\u201d concluy\u00f3. (Comunicado de Prensa)<\/p>\n","protected":false},"excerpt":{"rendered":"<p>Ciudad de M\u00e9xico, 10 de agosto de 2019.-A menos de 24 horas del inicio de la jornada electoral priista, se ha detectado la apertura de paquetes electorales as\u00ed como la<\/p>\n","protected":false},"author":1,"featured_media":73703,"comment_status":"open","ping_status":"open","sticky":false,"template":"","format":"standard","meta":{"jetpack_post_was_ever_published":false,"_jetpack_newsletter_access":"","_jetpack_dont_email_post_to_subs":false,"_jetpack_newsletter_tier_id":0,"_jetpack_memberships_contains_paywalled_content":false,"_jetpack_memberships_contains_paid_content":false,"footnotes":"","jetpack_publicize_message":"","jetpack_publicize_feature_enabled":true,"jetpack_social_post_already_shared":true,"jetpack_social_options":{"image_generator_settings":{"template":"highway","default_image_id":0,"font":"","enabled":false},"version":2}},"categories":[17],"tags":[],"class_list":["post-73702","post","type-post","status-publish","format-standard","has-post-thumbnail","hentry","category-politica-y-gobierno"],"jetpack_publicize_connections":[],"jetpack_featured_media_url":"https:\/\/formalprision.com\/wp-content\/uploads\/2019\/08\/F471BAC1-F17D-4DE5-82C3-4556291CC901.jpeg","jetpack_sharing_enabled":true,"jetpack_shortlink":"https:\/\/wp.me\/p6id8p-jaK","_links":{"self":[{"href":"https:\/\/formalprision.com\/index.php?rest_route=\/wp\/v2\/posts\/73702","targetHints":{"allow":["GET"]}}],"collection":[{"href":"https:\/\/formalprision.com\/index.php?rest_route=\/wp\/v2\/posts"}],"about":[{"href":"https:\/\/formalprision.com\/index.php?rest_route=\/wp\/v2\/types\/post"}],"author":[{"embeddable":true,"href":"https:\/\/formalprision.com\/index.php?rest_route=\/wp\/v2\/users\/1"}],"replies":[{"embeddable":true,"href":"https:\/\/formalprision.com\/index.php?rest_route=%2Fwp%2Fv2%2Fcomments&post=73702"}],"version-history":[{"count":0,"href":"https:\/\/formalprision.com\/index.php?rest_route=\/wp\/v2\/posts\/73702\/revisions"}],"wp:featuredmedia":[{"embeddable":true,"href":"https:\/\/formalprision.com\/index.php?rest_route=\/wp\/v2\/media\/73703"}],"wp:attachment":[{"href":"https:\/\/formalprision.com\/index.php?rest_route=%2Fwp%2Fv2%2Fmedia&parent=73702"}],"wp:term":[{"taxonomy":"category","embeddable":true,"href":"https:\/\/formalprision.com\/index.php?rest_route=%2Fwp%2Fv2%2Fcategories&post=73702"},{"taxonomy":"post_tag","embeddable":true,"href":"https:\/\/formalprision.com\/index.php?rest_route=%2Fwp%2Fv2%2Ftags&post=73702"}],"curies":[{"name":"wp","href":"https:\/\/api.w.org\/{rel}","templated":true}]}}