{"id":73705,"date":"2019-08-11T13:48:23","date_gmt":"2019-08-11T18:48:23","guid":{"rendered":"http:\/\/formalprision.com\/?p=73705"},"modified":"2019-08-14T11:30:27","modified_gmt":"2019-08-14T16:30:27","slug":"colores-luces-y-disenos-dan-singular-espectaculo-de-globos-monumentales-en-tahmek","status":"publish","type":"post","link":"https:\/\/formalprision.com\/?p=73705","title":{"rendered":"Colores, luces y dise\u00f1os dan singular espect\u00e1culo de globos monumentales en Tahmek"},"content":{"rendered":"\n<p>Tahmek, Yucat\u00e1n, 11 de agosto de 2019.- Resplandecientes, coloridas y gigantes esferas en forma de estrella, multiestrella y trompo estrella se elevaron al cielo en el primer Festival Globo Maya de Tahmek ante familias y visitantes, que se congregaron para ser parte de una noche inolvidable y vivir la magia que trae este singular espect\u00e1culo.<\/p>\n\n\n\n<p>En el evento, realizado este 10 de agosto en el Campo Deportivo del municipio, se mostraron nueve creaciones monumentales y seis en peque\u00f1o formato, hechas de papel de china por artesanas y artesanos del grupo anfitri\u00f3n Globo Nueva Era e invitados de Ciudad de M\u00e9xico, Estado de M\u00e9xico, Hidalgo, Michoac\u00e1n, Morelos y Veracruz, as\u00ed como M\u00e9rida y Tixkokob.<\/p>\n\n\n\n<p>En representaci\u00f3n del gobernador Mauricio Vila, la titular de la Secretar\u00eda de la Cultura y las Artes (Sedeculta), Erica Millet Corona, inaugur\u00f3 el Festival y anunci\u00f3 que se reactivar\u00e1 la Casa de la Cultura de esta demarcaci\u00f3n, como parte del esquema \u201cCultura para todos\u201d del Gobierno del Estado, as\u00ed las y los habitantes tendr\u00e1n acceso para su formaci\u00f3n m\u00fasica, danza, artes pl\u00e1sticas y literatura.<\/p>\n\n\n\n<p>Este evento forma parte de la amplia variedad de escaparates culturales, comerciales y tur\u00edsticos con los que cuenta en el interior del estado, los cuales cada vez se van consolidando como atractivos para la llegada de m\u00e1s visitantes, lo que se traducen en derrama econ\u00f3mica para los habitantes de los municipios.<\/p>\n\n\n\n<p>En este marco, acompa\u00f1ada de su hom\u00f3loga de Educaci\u00f3n (Segey), Loreto Villanueva Trujillo, entregaron instrumentos musicales a alumnas y alumnos de escuelas que integran el programa de Orquestas Sinf\u00f3nicas y Coros Infantiles de Educaci\u00f3n B\u00e1sica a cargo de esta \u00faltima dependencia estatal.<\/p>\n\n\n\n<p>La realizaci\u00f3n del Festival es muestra del trabajo coordinado entre autoridades municipales y estatales que potencian y visibilizan este tipo de acciones, recalc\u00f3 Millet Corona, quien se comprometi\u00f3 a dar respaldo en las pr\u00f3ximas ediciones del Festival para convertirlo con en un referente nacional e internacional, que difundir\u00e1 la labor de las manos yucatecas.<\/p>\n\n\n\n<p>La alcaldesa de Tahmek, Neydi Heredia Leal, agradeci\u00f3 el apoyo de la Sedeculta y dijo que este encuentro es un motivo ideal para mostrar los atractivos de Tahmek, tierra de globeros y apicultores, pero no s\u00f3lo eso, adem\u00e1s quienes la visiten tienen a su alcance rica gastronom\u00eda y la calidez de su gente.<\/p>\n\n\n\n<p>Tras darse el conteo regresivo, se desplegaron los globos para el deleite y asombro de las personas, pues eran de diferentes dise\u00f1os, brillos y median entre cuatro y 12.5 metros de altura, incluso hubo uno que fue elevado con mil faroles peque\u00f1os. Cabe se\u00f1alar que estos objetos son elaborados con muchos meses de anticipaci\u00f3n por mujeres y hombres de diferentes edades.<\/p>\n\n\n\n<p>Alrededor del glob\u00f3metro, familias enteras como la de Luis May Burgos de M\u00e9rida quienes vivieron un ambiente de fiesta, con m\u00fasica, antojitos y otras atracciones como la del cantante Luis David, en tanto las autoridades y p\u00fablico conocieron m\u00e1s sobre el proceso y tiempo que se requiere para que los globos tomen forma y puedan dar un espect\u00e1culo multicolor.<\/p>\n\n\n\n<p>Hoy por la noche las actividades continuar\u00e1n a partir de las 19:00 horas, una excelente oportunidad para pasar una noche \u00fanica y admirar las creaciones de Globos Amor por el Papel y Globos de Cantolla Yucat\u00e1n, de Tixkokob; y Tglobo tradici\u00f3n siempre presente, de M\u00e9rida.<\/p>\n\n\n\n<p>Adem\u00e1s de los grupos Fantasmas de luz, de Tecomatl\u00e1n, Hidalgo; Turma Chiconcuac, del Estado de M\u00e9xico; Globos Tlayoli y Turma Tlaloc, de Ciudad de M\u00e9xico y Globos don Nabor, de Tepoztl\u00e1n, Morelos.<\/p>\n\n\n\n<p>Cabe recordar que, el Gobierno de Vila Dosal ha otorgado un importante impulso a este tipo de actividades en el interior del estado pues atraen la atenci\u00f3n no solo de los yucatecos, sino tambi\u00e9n de visitantes de otras partes del pa\u00eds y del mundo, quienes al acudir compran y consumen productos de las comunidades lo que se traduce en una importante derrama econ\u00f3mica.<\/p>\n\n\n\n<p>En diciembre del a\u00f1o pasado, Vila Dosal inaugur\u00f3 la edici\u00f3n 34 de la Feria de la Naranja \u00abVive nuestra historia\u00bb en Oxkutzcab y recientemente acudi\u00f3 a la Feria de la Guayabera de Tekit, que re\u00fane el talento de productores del sector textil del estado.<\/p>\n\n\n\n<p>Asimismo, en enero de este a\u00f1o acudi\u00f3 a Tizim\u00edn a la tradicional Feria de Reyes y en febrero impuls\u00f3 el Festival de la Veda, estrategia de promoci\u00f3n tur\u00edstica que atrajo visitantes locales, nacionales y extranjeros a los 15 puertos de la costa, como una alternativa econ\u00f3mica para las familias de pescadores ante la restricci\u00f3n para la captura del mero en el litoral yucateco.<\/p>\n\n\n\n<p>Asistieron a la inauguraci\u00f3n la presidenta de la Comisi\u00f3n de Arte y Cultura de la LXII Legislatura del H. Congreso del Estado, Paulina Viana G\u00f3mez y los representantes de la Secretar\u00eda de Fomento Tur\u00edstico (Sefotur) y del Instituto Promotor de Ferias de Yucat\u00e1n (IPFY), Carlos \u00c1vila Pedraza y Gilmer Sobernis Cant\u00f3n, respectivamente.<\/p>\n\n\n\n<p>Tambi\u00e9n, la directora de Cultura del Ayuntamiento de Tahmek, Julia Silveira Victoria y el representante del grupo Globos Nueva Era, Fernando Cetz Ak\u00e9 y la embajadora de la Fiesta Tradicional, Jessica G\u00f3mez Pech.<\/p>\n","protected":false},"excerpt":{"rendered":"<p>Tahmek, Yucat\u00e1n, 11 de agosto de 2019.- Resplandecientes, coloridas y gigantes esferas en forma de estrella, multiestrella y trompo estrella se elevaron al cielo en el primer Festival Globo Maya<\/p>\n","protected":false},"author":1,"featured_media":73706,"comment_status":"open","ping_status":"open","sticky":false,"template":"","format":"standard","meta":{"jetpack_post_was_ever_published":false,"_jetpack_newsletter_access":"","_jetpack_dont_email_post_to_subs":false,"_jetpack_newsletter_tier_id":0,"_jetpack_memberships_contains_paywalled_content":false,"_jetpack_memberships_contains_paid_content":false,"footnotes":"","jetpack_publicize_message":"","jetpack_publicize_feature_enabled":true,"jetpack_social_post_already_shared":true,"jetpack_social_options":{"image_generator_settings":{"template":"highway","default_image_id":0,"font":"","enabled":false},"version":2}},"categories":[17],"tags":[],"class_list":["post-73705","post","type-post","status-publish","format-standard","has-post-thumbnail","hentry","category-politica-y-gobierno"],"jetpack_publicize_connections":[],"jetpack_featured_media_url":"https:\/\/formalprision.com\/wp-content\/uploads\/2019\/08\/29BD77D7-1527-4F75-87FC-4B40019B1415.jpeg","jetpack_sharing_enabled":true,"jetpack_shortlink":"https:\/\/wp.me\/p6id8p-jaN","_links":{"self":[{"href":"https:\/\/formalprision.com\/index.php?rest_route=\/wp\/v2\/posts\/73705","targetHints":{"allow":["GET"]}}],"collection":[{"href":"https:\/\/formalprision.com\/index.php?rest_route=\/wp\/v2\/posts"}],"about":[{"href":"https:\/\/formalprision.com\/index.php?rest_route=\/wp\/v2\/types\/post"}],"author":[{"embeddable":true,"href":"https:\/\/formalprision.com\/index.php?rest_route=\/wp\/v2\/users\/1"}],"replies":[{"embeddable":true,"href":"https:\/\/formalprision.com\/index.php?rest_route=%2Fwp%2Fv2%2Fcomments&post=73705"}],"version-history":[{"count":0,"href":"https:\/\/formalprision.com\/index.php?rest_route=\/wp\/v2\/posts\/73705\/revisions"}],"wp:featuredmedia":[{"embeddable":true,"href":"https:\/\/formalprision.com\/index.php?rest_route=\/wp\/v2\/media\/73706"}],"wp:attachment":[{"href":"https:\/\/formalprision.com\/index.php?rest_route=%2Fwp%2Fv2%2Fmedia&parent=73705"}],"wp:term":[{"taxonomy":"category","embeddable":true,"href":"https:\/\/formalprision.com\/index.php?rest_route=%2Fwp%2Fv2%2Fcategories&post=73705"},{"taxonomy":"post_tag","embeddable":true,"href":"https:\/\/formalprision.com\/index.php?rest_route=%2Fwp%2Fv2%2Ftags&post=73705"}],"curies":[{"name":"wp","href":"https:\/\/api.w.org\/{rel}","templated":true}]}}