{"id":73711,"date":"2019-08-11T20:37:26","date_gmt":"2019-08-12T01:37:26","guid":{"rendered":"http:\/\/formalprision.com\/?p=73711"},"modified":"2019-08-11T20:37:28","modified_gmt":"2019-08-12T01:37:28","slug":"llego-la-hora-de-tener-un-pan-fuerte-y-unido-cecilia-patron","status":"publish","type":"post","link":"https:\/\/formalprision.com\/?p=73711","title":{"rendered":"Lleg\u00f3 la hora de tener un PAN fuerte y unido: Cecilia Patr\u00f3n"},"content":{"rendered":"\n<p>M\u00e9rida, Yucat\u00e1n, 11 de agosto de 2019.- \u201cLa campa\u00f1a queda atr\u00e1s y llega el momento de un PAN fuerte y unido\u201d afirm\u00f3 Cecilia Patr\u00f3n tras ser electa como nueva presidenta del Comit\u00e9 Directivo Municipal de Acci\u00f3n Nacional en M\u00e9rida.<\/p>\n\n\n\n<p> \u201cSumaremos a todos a esta gran familia que es Acci\u00f3n Nacional. Hoy es uno de los d\u00edas m\u00e1s felices de mi vida como panista. Han sido a\u00f1os de entrega y amor por mi casa y hoy mi casa me refrend\u00f3 su amor y eso vale m\u00e1s que cualquier cosa\u201d.<\/p>\n\n\n\n<p>Tras una participaci\u00f3n hist\u00f3rica en esta jornada electiva, en la que acudieron a votar 1629 militantes,  Patr\u00f3n Laviada obtuvo 859 votos.<\/p>\n\n\n\n<p>Agradeci\u00f3 a cada uno de los militantes que la ayudaron a generar sus propuestas y compromisos de campa\u00f1a, pues dijo que cada una de estas ideas  no surgieron detr\u00e1s de un escritorio, sino de las  inquietudes y  sugerencias de j\u00f3venes, adultos y personas de la tercera edad que le abrieron las puertas de sus casas durante esta campa\u00f1a<\/p>\n\n\n\n<p> \u201cGracias a todos por el tiempo, la dedicaci\u00f3n y el esfuerzo. Vamos hoy a iniciar una nueva historia en el PAN de M\u00e9rida, una historia donde estemos todos y nadie se quede fuera. Vamos a buscar a los que no vinieron, acercar a los que creyeron en otros para hacer un  solo PAN, unido\u201d <\/p>\n\n\n\n<p>Con aplausos y porras, cientos de panistas de M\u00e9rida y sus comisar\u00edas se alegraron por el triunfo de Cecilia Patr\u00f3n. J\u00f3venes, mujeres y hombres le dieron innumerables muestras de apoyo y e refrendaron su respaldo para encabezar un proyecto cercano y con rumbo claro por el panismo en  M\u00e9rida.<\/p>\n\n\n\n<p>Cecilia, con una trayectoria ininterrumpida de 20 a\u00f1os dentro del blanquiazul, afirm\u00f3 que ella  y su planilla trabajar\u00e1n sin descanso para enaltecer los valores y la grandeza del partido con el \u00fanico objetivo de formar un comit\u00e9 m\u00e1s digno, generoso, ordenado, responsable y mejor.<\/p>\n\n\n\n<p>\u201cSigamos dando ese ejemplo de democracia, ese ejemplo de buenos gobiernos, pero principalmente sigamos dando ese ejemplo de buenos panistas. Que siempre en nuestra bandera y en nuestro actuar se siga viendo el bien com\u00fan\u201d, apunt\u00f3. (Comunicado de Prensa)<\/p>\n","protected":false},"excerpt":{"rendered":"<p>M\u00e9rida, Yucat\u00e1n, 11 de agosto de 2019.- \u201cLa campa\u00f1a queda atr\u00e1s y llega el momento de un PAN fuerte y unido\u201d afirm\u00f3 Cecilia Patr\u00f3n tras ser electa como nueva presidenta<\/p>\n","protected":false},"author":1,"featured_media":73712,"comment_status":"open","ping_status":"open","sticky":false,"template":"","format":"standard","meta":{"jetpack_post_was_ever_published":false,"_jetpack_newsletter_access":"","_jetpack_dont_email_post_to_subs":false,"_jetpack_newsletter_tier_id":0,"_jetpack_memberships_contains_paywalled_content":false,"_jetpack_memberships_contains_paid_content":false,"footnotes":"","jetpack_publicize_message":"","jetpack_publicize_feature_enabled":true,"jetpack_social_post_already_shared":true,"jetpack_social_options":{"image_generator_settings":{"template":"highway","default_image_id":0,"font":"","enabled":false},"version":2}},"categories":[14],"tags":[],"class_list":["post-73711","post","type-post","status-publish","format-standard","has-post-thumbnail","hentry","category-merida"],"jetpack_publicize_connections":[],"jetpack_featured_media_url":"https:\/\/formalprision.com\/wp-content\/uploads\/2019\/08\/8BC86BCE-C0C4-4F43-81DA-5FAFA8CA8A73.jpeg","jetpack_sharing_enabled":true,"jetpack_shortlink":"https:\/\/wp.me\/p6id8p-jaT","_links":{"self":[{"href":"https:\/\/formalprision.com\/index.php?rest_route=\/wp\/v2\/posts\/73711","targetHints":{"allow":["GET"]}}],"collection":[{"href":"https:\/\/formalprision.com\/index.php?rest_route=\/wp\/v2\/posts"}],"about":[{"href":"https:\/\/formalprision.com\/index.php?rest_route=\/wp\/v2\/types\/post"}],"author":[{"embeddable":true,"href":"https:\/\/formalprision.com\/index.php?rest_route=\/wp\/v2\/users\/1"}],"replies":[{"embeddable":true,"href":"https:\/\/formalprision.com\/index.php?rest_route=%2Fwp%2Fv2%2Fcomments&post=73711"}],"version-history":[{"count":0,"href":"https:\/\/formalprision.com\/index.php?rest_route=\/wp\/v2\/posts\/73711\/revisions"}],"wp:featuredmedia":[{"embeddable":true,"href":"https:\/\/formalprision.com\/index.php?rest_route=\/wp\/v2\/media\/73712"}],"wp:attachment":[{"href":"https:\/\/formalprision.com\/index.php?rest_route=%2Fwp%2Fv2%2Fmedia&parent=73711"}],"wp:term":[{"taxonomy":"category","embeddable":true,"href":"https:\/\/formalprision.com\/index.php?rest_route=%2Fwp%2Fv2%2Fcategories&post=73711"},{"taxonomy":"post_tag","embeddable":true,"href":"https:\/\/formalprision.com\/index.php?rest_route=%2Fwp%2Fv2%2Ftags&post=73711"}],"curies":[{"name":"wp","href":"https:\/\/api.w.org\/{rel}","templated":true}]}}