{"id":73723,"date":"2019-08-12T19:48:06","date_gmt":"2019-08-13T00:48:06","guid":{"rendered":"http:\/\/formalprision.com\/?p=73723"},"modified":"2019-08-12T19:48:12","modified_gmt":"2019-08-13T00:48:12","slug":"mauricio-vila-asiste-a-reuniones-sobre-seguridad-y-justicia","status":"publish","type":"post","link":"https:\/\/formalprision.com\/?p=73723","title":{"rendered":"Mauricio Vila asiste a reuniones sobre seguridad y justicia"},"content":{"rendered":"\n<p>Ciudad de M\u00e9xico, 12 de agosto de 2019.- El gobernador Mauricio Vila Dosal asisti\u00f3 a la reuni\u00f3n de trabajo de la Comisi\u00f3n Ejecutiva de Seguridad y Justicia de la Conferencia Nacional de Gobernadores (Conago), donde se acord\u00f3 continuar trabajando coordinadamente en estrategias que permitan mejorar las condiciones de paz y tranquilidad en M\u00e9xico.<\/p>\n\n\n\n<p>Vila Dosal acudi\u00f3 a este encuentro junto con los secretarios de Seguridad y Protecci\u00f3n Ciudadana, Alfonso Durazo Monta\u00f1o; de la Defensa, General de Divisi\u00f3n Luis Cresencio Sandoval Gonz\u00e1lez; y de Marina, Almirante Jos\u00e9 Rafael Ojeda Dur\u00e1n; as\u00ed como el primer comandante de la Guardia Nacional, General Luis Rodr\u00edguez Bucio.<\/p>\n\n\n\n<p>En la reuni\u00f3n, en la que tambi\u00e9n estuvieron presentes gobernadores de diferentes estados del pa\u00eds, se abordaron temas relacionados al despliegue de la Guardia Nacional, el Modelo Nacional de Polic\u00eda, la Estrategia Nacional de Prevenci\u00f3n de Adicciones, as\u00ed como la problem\u00e1tica de los veh\u00edculos usados importados de manera ilegal, tambi\u00e9n conocidos como \u201cautos chocolate\u201d.<\/p>\n\n\n\n<p>Momentos antes, en el seno de la Conago, Mauricio Vila intervino en un encuentro con el titular de la Fiscal\u00eda General de la Rep\u00fablica (FGR), Alejandro Gertz Manero, con quien se analiz\u00f3 en conjunto los proyectos en materia de procuraci\u00f3n de justicia y se habl\u00f3 sobre la delimitaci\u00f3n de competencias en materia de investigaci\u00f3n.<\/p>\n\n\n\n<p>Con la finalidad de que las Fiscal\u00edas locales, la General y la Guardia Nacional conozcan sus facultades espec\u00edficas y se garantice una impartici\u00f3n de justicia m\u00e1s \u00e1gil, representantes de dichas instancias establecieron los mecanismos de investigaci\u00f3n que corresponden a cada una de ellas.<\/p>\n\n\n\n<p>En ese marco, tambi\u00e9n se realiz\u00f3 un balance de las acciones que ha realizado la Guardia Nacional desde su despliegue, el pasado 30 de junio, el cual estuvo a cargo del presidente Andr\u00e9s Manuel L\u00f3pez Obrador.<\/p>\n\n\n\n<p>Hay que destacar que, en materia de seguridad, Vila Dosal ha mantenido una cercana coordinaci\u00f3n con el gobierno federal, con el objetivo de garantizar y mejorar los altos niveles de paz que prevalecen en Yucat\u00e1n y como muestra de ello, Yucat\u00e1n se convirti\u00f3 en sede de la Reuni\u00f3n de Coordinaci\u00f3n Regional Zona 2-Sureste, en mayo pasado, la cual cont\u00f3 con la participaci\u00f3n de los integrantes del Gabinete de seguridad del pa\u00eds y desde donde se desarrollaron estrategias para el estado, Campeche, Chiapas, Oaxaca, Quintana Roo, Tabasco y Veracruz.<\/p>\n\n\n\n<p>Adem\u00e1s, Vila Dosal encabez\u00f3 la instalaci\u00f3n en el estado de la Mesa de Coordinaci\u00f3n Estatal para la Construcci\u00f3n de la Paz, que sesiona todos los d\u00edas y en la que participan fuerzas estatales y federales para el an\u00e1lisis y evaluaci\u00f3n de las pol\u00edticas y acciones de seguridad p\u00fablica, lo anterior como parte del inter\u00e9s del estado de sumarse al Plan Nacional de Seguridad.<\/p>\n\n\n\n<p>De igual manera, entr\u00f3 en operaci\u00f3n el Grupo Multidisciplinario de Justicia, cuerpo colegiado considerado por autoridades de la Secretar\u00eda de Gobernaci\u00f3n (Segob) como un modelo digno de ser replicado en el pa\u00eds, en el cual colaboran de manera coordinada la Fiscal\u00eda General del Estado, la Secretar\u00eda de Seguridad P\u00fablica (SSP) y el Poder Judicial, para dar un seguimiento a los casos de quienes cometen alguna falta o delito a fin de combatir de una manera m\u00e1s eficaz la impunidad.<\/p>\n","protected":false},"excerpt":{"rendered":"<p>Ciudad de M\u00e9xico, 12 de agosto de 2019.- El gobernador Mauricio Vila Dosal asisti\u00f3 a la reuni\u00f3n de trabajo de la Comisi\u00f3n Ejecutiva de Seguridad y Justicia de la Conferencia<\/p>\n","protected":false},"author":1,"featured_media":73724,"comment_status":"open","ping_status":"open","sticky":false,"template":"","format":"standard","meta":{"jetpack_post_was_ever_published":false,"_jetpack_newsletter_access":"","_jetpack_dont_email_post_to_subs":false,"_jetpack_newsletter_tier_id":0,"_jetpack_memberships_contains_paywalled_content":false,"_jetpack_memberships_contains_paid_content":false,"footnotes":"","jetpack_publicize_message":"","jetpack_publicize_feature_enabled":true,"jetpack_social_post_already_shared":true,"jetpack_social_options":{"image_generator_settings":{"template":"highway","default_image_id":0,"font":"","enabled":false},"version":2}},"categories":[17],"tags":[],"class_list":["post-73723","post","type-post","status-publish","format-standard","has-post-thumbnail","hentry","category-politica-y-gobierno"],"jetpack_publicize_connections":[],"jetpack_featured_media_url":"https:\/\/formalprision.com\/wp-content\/uploads\/2019\/08\/IMG_4882.jpg","jetpack_sharing_enabled":true,"jetpack_shortlink":"https:\/\/wp.me\/p6id8p-jb5","_links":{"self":[{"href":"https:\/\/formalprision.com\/index.php?rest_route=\/wp\/v2\/posts\/73723","targetHints":{"allow":["GET"]}}],"collection":[{"href":"https:\/\/formalprision.com\/index.php?rest_route=\/wp\/v2\/posts"}],"about":[{"href":"https:\/\/formalprision.com\/index.php?rest_route=\/wp\/v2\/types\/post"}],"author":[{"embeddable":true,"href":"https:\/\/formalprision.com\/index.php?rest_route=\/wp\/v2\/users\/1"}],"replies":[{"embeddable":true,"href":"https:\/\/formalprision.com\/index.php?rest_route=%2Fwp%2Fv2%2Fcomments&post=73723"}],"version-history":[{"count":0,"href":"https:\/\/formalprision.com\/index.php?rest_route=\/wp\/v2\/posts\/73723\/revisions"}],"wp:featuredmedia":[{"embeddable":true,"href":"https:\/\/formalprision.com\/index.php?rest_route=\/wp\/v2\/media\/73724"}],"wp:attachment":[{"href":"https:\/\/formalprision.com\/index.php?rest_route=%2Fwp%2Fv2%2Fmedia&parent=73723"}],"wp:term":[{"taxonomy":"category","embeddable":true,"href":"https:\/\/formalprision.com\/index.php?rest_route=%2Fwp%2Fv2%2Fcategories&post=73723"},{"taxonomy":"post_tag","embeddable":true,"href":"https:\/\/formalprision.com\/index.php?rest_route=%2Fwp%2Fv2%2Ftags&post=73723"}],"curies":[{"name":"wp","href":"https:\/\/api.w.org\/{rel}","templated":true}]}}