{"id":73729,"date":"2019-08-12T20:50:42","date_gmt":"2019-08-13T01:50:42","guid":{"rendered":"http:\/\/formalprision.com\/?p=73729"},"modified":"2019-08-13T12:05:16","modified_gmt":"2019-08-13T17:05:16","slug":"gobierno-de-vila-apoyara-a-familia-de-policia-muerto-en-cumplimiento-yo-del-deber","status":"publish","type":"post","link":"https:\/\/formalprision.com\/?p=73729","title":{"rendered":"Gobierno de Vila apoyar\u00e1 a familia de polic\u00eda muerto en cumplimiento del deber"},"content":{"rendered":"\n<p>El gobierno del Estado inform\u00f3 que se apoyar\u00e1 a la familia del agente de la SSP que falleci\u00f3 hoy en un accidente te de tr\u00e1nsito.<\/p>\n\n\n\n<p>Su familia recibir\u00e1 los servicios integrales de protecci\u00f3n funeraria y el pago de una pensi\u00f3n equivalente al 100%<\/p>\n\n\n\n<p>Como informamos, el Polic\u00eda Segundo Humberto Canch\u00e9 Ak\u00e9, de 44 a\u00f1os, falleci\u00f3 en la Prolongaci\u00f3n Paseo de Montejo por calle 19 de la colonia M\u00e9xico, al ser impactado por un autom\u00f3vil cuyo conductor no respet\u00f3 la luz roja del sem\u00e1foro.<\/p>\n\n\n\n<p>Al respecto, el gobierno estatal inform\u00f3 que, de acuerdo con la Ley de los Trabajadores al Servicio del Estado y Municipios de Yucat\u00e1n, la familia del occiso recibir\u00e1 los servicios integrales de protecci\u00f3n funeraria, adem\u00e1s tendr\u00e1n derecho al pago del finiquito, correspondiente a los importes de las partes proporcionales de aguinaldo, vacaciones, prima vacacional, m\u00e1s el importe de 1 mes de sueldo base.<\/p>\n\n\n\n<p>Asimismo, de acuerdo con la Ley del Instituto de Seguridad Social de los Trabajadores del Estado de Yucat\u00e1n (Isstey), la familia percibir\u00e1 el pago de una pensi\u00f3n equivalente al 100% del \u00faltimo sueldo que obten\u00eda Humberto Canche Ak\u00e9, as\u00ed como se les gratificar\u00e1 con un seguro de fallecimiento, adicional al seguro de vida institucional del Gobierno del Estado y tambi\u00e9n, se har\u00e1 devoluci\u00f3n de las aportaciones, conocido como Seguro de Cesant\u00eda.<\/p>\n\n\n\n<p>Por su parte, la SSP dio a conocer que el agente egres\u00f3 de la generaci\u00f3n 42, en 2008.<\/p>\n\n\n\n<p>Desde entonces, form\u00f3 parte del Grupo Especial Goera Motorizado y, en 2015, se integr\u00f3 al Sector Norte, hasta que perdi\u00f3 la vida hoy mientras realizaba su rutina de vigilancia.<\/p>\n\n\n\n<p>Durante sus 11 a\u00f1os y seis meses de labor, mantuvo un expediente limpio y se ocup\u00f3 de estar actualizado para servir mejor a la sociedad.<\/p>\n\n\n\n<p>Entre los cursos que tom\u00f3 est\u00e1n el T\u00e1ctico para Personal Operativo, Funci\u00f3n Policial, Israelita de Intervenci\u00f3n en Delitos de Alto Impacto, Inteligencia y Contrainteligencia. Asimismo, sobre Derechos Humanos y el Sistema de Justicia Penal Acusatorio y Oral, entre otros.<\/p>\n\n\n\n<p>Mandos, personal operativo y administrativo de la Secretar\u00eda de Seguridad P\u00fablica (SSP) expresaron las m\u00e1s  m\u00e1s sentidas condolencias a sus familiares y amistades.<\/p>\n","protected":false},"excerpt":{"rendered":"<p>El gobierno del Estado inform\u00f3 que se apoyar\u00e1 a la familia del agente de la SSP que falleci\u00f3 hoy en un accidente te de tr\u00e1nsito. Su familia recibir\u00e1 los servicios<\/p>\n","protected":false},"author":1,"featured_media":73730,"comment_status":"open","ping_status":"open","sticky":false,"template":"","format":"standard","meta":{"jetpack_post_was_ever_published":false,"_jetpack_newsletter_access":"","_jetpack_dont_email_post_to_subs":false,"_jetpack_newsletter_tier_id":0,"_jetpack_memberships_contains_paywalled_content":false,"_jetpack_memberships_contains_paid_content":false,"footnotes":"","jetpack_publicize_message":"","jetpack_publicize_feature_enabled":true,"jetpack_social_post_already_shared":true,"jetpack_social_options":{"image_generator_settings":{"template":"highway","default_image_id":0,"font":"","enabled":false},"version":2}},"categories":[3],"tags":[],"class_list":["post-73729","post","type-post","status-publish","format-standard","has-post-thumbnail","hentry","category-portada"],"jetpack_publicize_connections":[],"jetpack_featured_media_url":"https:\/\/formalprision.com\/wp-content\/uploads\/2019\/08\/IMG_4884.jpg","jetpack_sharing_enabled":true,"jetpack_shortlink":"https:\/\/wp.me\/p6id8p-jbb","_links":{"self":[{"href":"https:\/\/formalprision.com\/index.php?rest_route=\/wp\/v2\/posts\/73729","targetHints":{"allow":["GET"]}}],"collection":[{"href":"https:\/\/formalprision.com\/index.php?rest_route=\/wp\/v2\/posts"}],"about":[{"href":"https:\/\/formalprision.com\/index.php?rest_route=\/wp\/v2\/types\/post"}],"author":[{"embeddable":true,"href":"https:\/\/formalprision.com\/index.php?rest_route=\/wp\/v2\/users\/1"}],"replies":[{"embeddable":true,"href":"https:\/\/formalprision.com\/index.php?rest_route=%2Fwp%2Fv2%2Fcomments&post=73729"}],"version-history":[{"count":0,"href":"https:\/\/formalprision.com\/index.php?rest_route=\/wp\/v2\/posts\/73729\/revisions"}],"wp:featuredmedia":[{"embeddable":true,"href":"https:\/\/formalprision.com\/index.php?rest_route=\/wp\/v2\/media\/73730"}],"wp:attachment":[{"href":"https:\/\/formalprision.com\/index.php?rest_route=%2Fwp%2Fv2%2Fmedia&parent=73729"}],"wp:term":[{"taxonomy":"category","embeddable":true,"href":"https:\/\/formalprision.com\/index.php?rest_route=%2Fwp%2Fv2%2Fcategories&post=73729"},{"taxonomy":"post_tag","embeddable":true,"href":"https:\/\/formalprision.com\/index.php?rest_route=%2Fwp%2Fv2%2Ftags&post=73729"}],"curies":[{"name":"wp","href":"https:\/\/api.w.org\/{rel}","templated":true}]}}