{"id":7379,"date":"2012-01-25T18:11:00","date_gmt":"2012-01-25T18:11:00","guid":{"rendered":"http:\/\/formalprision.info\/2012\/01\/25\/feminicidio-en-maxcanu-hallan-cuerpo\/"},"modified":"2015-06-03T08:53:50","modified_gmt":"2015-06-03T08:53:50","slug":"feminicidio-en-maxcanu-hallan-cuerpo","status":"publish","type":"post","link":"https:\/\/formalprision.com\/?p=7379","title":{"rendered":"Feminicidio en Maxcan\u00fa: hallan cuerpo calcinado de una mujer"},"content":{"rendered":"<p><a href=\"http:\/\/2.bp.blogspot.com\/-Sa8SWMuAlKw\/TyBGIYgCH-I\/AAAAAAAAFp8\/n1CuNeAlwrI\/s1600\/aaaaescudo%2Bde%2Bla%2Bfiscalia.jpg\"><img decoding=\"async\" id=\"BLOGGER_PHOTO_ID_5701634238080753634\" style=\"FLOAT: left; MARGIN: 0px 10px 10px 0px; WIDTH: 320px; CURSOR: hand; HEIGHT: 318px\" alt=\"\" src=\"http:\/\/formalprision.com\/wp-content\/uploads\/2012\/01\/aaaaescudo-de-la-fiscalia5.jpg\" border=\"0\" \/><\/a><\/p>\n<div>El hallazgo del cad\u00e1ver calcinado de una mujer en montes de Maxcan\u00fa moviliz\u00f3 ayer a las fuerzas polic\u00edacas estatales<br \/>El cuerpo fue hallado a unos 2 kil\u00f3metros de Maxcan\u00fa , en la carretera que lleva a Paraiso, comisar\u00eda de ese municipio.<br \/>Se inform\u00f3 que el cuerpo correspond\u00eda a una mujer de entre 30 y 40 a\u00f1os de edad y ten\u00eda el 90 por ciento de la superficie corporal calcinado, por lo que no ha sido f\u00e1cil identificarla de inmediato.<br \/>El cuerpo estaba unos 80 metros dentro del monte, en un rancho denominado Cacalch\u00e9n.<br \/>Un campesino que llevaba agua a sus abejas hall\u00f3 el cuerpo a las 6:30 de la tarde y dio aviso a las autoridades.<br \/>Al lugar acudieron polic\u00edas estatales, municipales y peritos en criminal\u00edstica, aunque los trabajos se centraron solo en levantar el cuerpo y realizar algunas investigaciones entre pobladores cercanos.<\/div>\n<p><\/p>\n<div>Las pesquisas contin\u00faan hoy<\/div>\n","protected":false},"excerpt":{"rendered":"<p>El hallazgo del cad\u00e1ver calcinado de una mujer en montes de Maxcan\u00fa moviliz\u00f3 ayer a las fuerzas polic\u00edacas estatalesEl cuerpo fue hallado a unos 2 kil\u00f3metros de Maxcan\u00fa , en<\/p>\n","protected":false},"author":1,"featured_media":24843,"comment_status":"open","ping_status":"open","sticky":false,"template":"","format":"standard","meta":{"jetpack_post_was_ever_published":false,"_jetpack_newsletter_access":"","_jetpack_dont_email_post_to_subs":false,"_jetpack_newsletter_tier_id":0,"_jetpack_memberships_contains_paywalled_content":false,"_jetpack_memberships_contains_paid_content":false,"footnotes":"","jetpack_publicize_message":"","jetpack_publicize_feature_enabled":true,"jetpack_social_post_already_shared":false,"jetpack_social_options":{"image_generator_settings":{"template":"highway","default_image_id":0,"font":"","enabled":false},"version":2}},"categories":[59,3,1],"tags":[],"class_list":["post-7379","post","type-post","status-publish","format-standard","has-post-thumbnail","hentry","category-asesinos","category-portada","category-sin-categoria"],"jetpack_publicize_connections":[],"jetpack_featured_media_url":"https:\/\/formalprision.com\/wp-content\/uploads\/2012\/01\/aaaaescudo-de-la-fiscalia5.jpg","jetpack_sharing_enabled":true,"jetpack_shortlink":"https:\/\/wp.me\/p6id8p-1V1","_links":{"self":[{"href":"https:\/\/formalprision.com\/index.php?rest_route=\/wp\/v2\/posts\/7379","targetHints":{"allow":["GET"]}}],"collection":[{"href":"https:\/\/formalprision.com\/index.php?rest_route=\/wp\/v2\/posts"}],"about":[{"href":"https:\/\/formalprision.com\/index.php?rest_route=\/wp\/v2\/types\/post"}],"author":[{"embeddable":true,"href":"https:\/\/formalprision.com\/index.php?rest_route=\/wp\/v2\/users\/1"}],"replies":[{"embeddable":true,"href":"https:\/\/formalprision.com\/index.php?rest_route=%2Fwp%2Fv2%2Fcomments&post=7379"}],"version-history":[{"count":0,"href":"https:\/\/formalprision.com\/index.php?rest_route=\/wp\/v2\/posts\/7379\/revisions"}],"wp:featuredmedia":[{"embeddable":true,"href":"https:\/\/formalprision.com\/index.php?rest_route=\/wp\/v2\/media\/24843"}],"wp:attachment":[{"href":"https:\/\/formalprision.com\/index.php?rest_route=%2Fwp%2Fv2%2Fmedia&parent=7379"}],"wp:term":[{"taxonomy":"category","embeddable":true,"href":"https:\/\/formalprision.com\/index.php?rest_route=%2Fwp%2Fv2%2Fcategories&post=7379"},{"taxonomy":"post_tag","embeddable":true,"href":"https:\/\/formalprision.com\/index.php?rest_route=%2Fwp%2Fv2%2Ftags&post=7379"}],"curies":[{"name":"wp","href":"https:\/\/api.w.org\/{rel}","templated":true}]}}