{"id":73853,"date":"2019-08-23T18:47:02","date_gmt":"2019-08-23T23:47:02","guid":{"rendered":"http:\/\/formalprision.com\/?p=73853"},"modified":"2019-08-23T18:47:04","modified_gmt":"2019-08-23T23:47:04","slug":"ramirez-marin-presenta-su-primer-informe-legislativo","status":"publish","type":"post","link":"https:\/\/formalprision.com\/?p=73853","title":{"rendered":"Ram\u00edrez Mar\u00edn Presenta su Primer Informe Legislativo"},"content":{"rendered":"\n<p>\u201cLa Federaci\u00f3n tiene una enorme deuda con Yucat\u00e1n, por lo que es indispensable que se conf\u00ede en nuestra probada capacidad, pues nuestro estado ha logrado uno de los mayores \u00edndices de desarrollo en el pa\u00eds\u201d, subray\u00f3 el senador Jorge Carlos Ram\u00edrez Mar\u00edn.<\/p>\n\n\n\n<p>Durante su Primer Informe de Resultados Legislativos, Ram\u00edrez Mar\u00edn se comprometi\u00f3 a seguir luchando para que se establezcan tarifas el\u00e9ctricas justas, se realice la inversi\u00f3n que se necesita para la producci\u00f3n de energ\u00eda en el estado, pero adem\u00e1s a buscar que se resuelvan todos los asuntos que aquejan a los yucatecos.<\/p>\n\n\n\n<p>\u201cNo pedimos exenci\u00f3n de deudas millonarias, no pedimos subsidios, lo que estamos pidiendo exclusivamente es que se preste la atenci\u00f3n debida al esfuerzo de Yucat\u00e1n, pero sobre todo, a la disposici\u00f3n yucateca por el estudio o la innovaci\u00f3n, pues eso es lo que ha logrado que en los \u00faltimos seis a\u00f1os el crecimiento de Yucat\u00e1n est\u00e9 por arriba de la media nacional\u201d, explic\u00f3.<\/p>\n\n\n\n<p>En el Gran Museo Mundo Maya, el senador yucateco hizo un llamado a la actual administraci\u00f3n federal para que \u201cconf\u00ede en lo yucatecos, e impulse alternativas para la producci\u00f3n de gas natural y la construcci\u00f3n de infraestructura para energ\u00edas alternativas\u00bb.<\/p>\n\n\n\n<p>Luego de dar a conocer que se ubic\u00f3 como entre los senadores con mayor asistencia a las sesiones y present\u00f3 30 propuestas ante el Pleno del Senado, de los cuales, siete fueron iniciativas y 23, Puntos de Acuerdo, que en su mayor\u00eda estuvieron relacionados con la protecci\u00f3n a las abejas, la apicultura, el medio ambiente, y el impulso al desarrollo econ\u00f3mico e industrial de Yucat\u00e1n, Ram\u00edrez Mar\u00edn agradeci\u00f3 a los ciudadanos que, con su voto, confiaron en su desempe\u00f1o en el Senado.<\/p>\n\n\n\n<p>\u201cEsto es lo que le corresponde a los yucatecos y por eso est\u00e1 peleando la representaci\u00f3n de ustedes en el Senado de la Rep\u00fablica\u201d, enfatiz\u00f3, ante los aplausos de los asistentes, que llenaron la Sala Mayamax del Museo del Mundo Maya.<\/p>\n\n\n\n<p>Asimismo, el senador reconoci\u00f3 el trabajo que se ha realizado desde el gobierno local, pues ha continuado con el despegue industrial, la generaci\u00f3n de empleos y el crecimiento econ\u00f3mico.<\/p>\n\n\n\n<p>\u00abPor ese motivo hemos apoyado las gestiones que encabeza el gobierno del Estado, en esta causa no hay condiciones ni puede haber c\u00e1lculos partidistas. Ser\u00eda il\u00f3gico no apoyar la continuidad de esta causa, perder\u00edamos la oportunidad de empleo digno para miles de j\u00f3venes yucatecos\u00bb, subray\u00f3 el legislador.<\/p>\n\n\n\n<p>\u00abA lo largo de este a\u00f1o he sostenido reuniones con funcionarios  de la Secretar\u00eda de Energ\u00eda, de la Oficina de la Presidencia, Econom\u00eda, Agricultura; en cada uno he encontrado escucha y comprensi\u00f3n, espero que este a\u00f1o esto se convierta en presupuestos y programas en beneficio del estado\u00bb, enfatiz\u00f3.<\/p>\n\n\n\n<p>\u00abEl pa\u00eds puede confiar en la iniciativa privada de Yucat\u00e1n, una nueva generaci\u00f3n de empresarios germina y m\u00e1s all\u00e1 de las empresas de sus padres y sus abuelos, empiezan el camino abriendo futuro\u00bb.<\/p>\n\n\n\n<p>\u00abEso somos en Yucat\u00e1n y eso somos los yucatecos, algunos lo obviar\u00e1n o no lo considerar\u00e1n tan importante, pero lo que define a las personas est\u00e1 en su historia. Los hombres y las mujeres que concibieron la industria moderna, la educaci\u00f3n moderna y la econom\u00eda abierta, que hoy son divisas de los pa\u00edses m\u00e1s desarrollados, comenzaron aqu\u00ed en Yucat\u00e1n en el siglo XX\u00bb, afirm\u00f3.<\/p>\n\n\n\n<p>\u00abHoy, tenemos que reconocernos en esa historia y encarar el futuro. La Pen\u00ednsula que emerge de los mares como un pu\u00f1o, parece se\u00f1alarnos el camino hacia arriba\u00bb, abund\u00f3 el senador.<\/p>\n\n\n\n<p>En el evento estuvieron presentes, el presidente nacional del PRI, Alejandro Moreno C\u00e1rdenas; el coordinador de la bancada del PRI en el Senado, Miguel \u00c1ngel Osorio Chong, as\u00ed como los senadores Armando Guadiana, X\u00f3chitl G\u00e1lvez, Ra\u00fal Paz Alonzo y Beatriz Paredes Rangel, y la diputada federal Dulce Mar\u00eda Sauri,<\/p>\n\n\n\n<p>En primera fila, estuvieron tambi\u00e9n el diputado Felipe Cervera Hern\u00e1ndez, presidente de la Junta de Gobierno y Coordinaci\u00f3n Pol\u00edtica del Congreso del Estado; el magistrado Ricardo \u00c1vila Heredia, presidente del Tribunal Superior de Justicia; la maestra Loreto Noem\u00ed Villanueva Trujillo, secretaria de Educaci\u00f3n, quien asisti\u00f3 en representaci\u00f3n del gobernador Mauricio Vila Dosal, y Mario Mart\u00ednez Laviada, Oficial Mayor del Ayuntamiento de M\u00e9rida, en representaci\u00f3n del alcalde Ren\u00e1n Barrera Concha.<\/p>\n\n\n\n<p>Otros de los invitados fueron el pol\u00edtico yucateco Emilio Gamboa Patr\u00f3n y el ex gobernador Francisco Luna Kan. Asistieron directivos de c\u00e1maras empresariales, colegios de profesionales, sindicatos, centrales obreras, alcaldes, organismos civiles y diputados locales.<\/p>\n\n\n\n<p>En su turno, Osorio Chong felicit\u00f3 a Ram\u00edrez Mar\u00edn por los resultados de su primer a\u00f1o de trabajo y por cumplir con el compromiso hecho hace un a\u00f1o ante los legisladores: asumir que los procesos electorales terminaron, y hay que trabajar en conjunto para que a M\u00e9xico y a Yucat\u00e1n les vaya bien.<\/p>\n\n\n\n<p>El pol\u00edtico hidalguense anunci\u00f3 que el PRI en el Senado emprender\u00e1 una defensa por preservar las instituciones y \u00f3rganos aut\u00f3nomos.<\/p>\n\n\n\n<p>Por su parte, Alejandro Moreno enfatiz\u00f3 en la necesidad de que los actuales legisladores muestren su compromiso con el pa\u00eds y tengan la capacidad de generar consensos, por lo que se congratul\u00f3 con la presencia de actores pol\u00edticos de todas las tendencias y partidos durante el informe de Ram\u00edrez Mar\u00edn.<\/p>\n","protected":false},"excerpt":{"rendered":"<p>\u201cLa Federaci\u00f3n tiene una enorme deuda con Yucat\u00e1n, por lo que es indispensable que se conf\u00ede en nuestra probada capacidad, pues nuestro estado ha logrado uno de los mayores \u00edndices<\/p>\n","protected":false},"author":1,"featured_media":73854,"comment_status":"open","ping_status":"open","sticky":false,"template":"","format":"standard","meta":{"jetpack_post_was_ever_published":false,"_jetpack_newsletter_access":"","_jetpack_dont_email_post_to_subs":false,"_jetpack_newsletter_tier_id":0,"_jetpack_memberships_contains_paywalled_content":false,"_jetpack_memberships_contains_paid_content":false,"footnotes":"","jetpack_publicize_message":"","jetpack_publicize_feature_enabled":true,"jetpack_social_post_already_shared":true,"jetpack_social_options":{"image_generator_settings":{"template":"highway","default_image_id":0,"font":"","enabled":false},"version":2}},"categories":[14],"tags":[],"class_list":["post-73853","post","type-post","status-publish","format-standard","has-post-thumbnail","hentry","category-merida"],"jetpack_publicize_connections":[],"jetpack_featured_media_url":"https:\/\/formalprision.com\/wp-content\/uploads\/2019\/08\/IMG_4968.jpg","jetpack_sharing_enabled":true,"jetpack_shortlink":"https:\/\/wp.me\/p6id8p-jdb","_links":{"self":[{"href":"https:\/\/formalprision.com\/index.php?rest_route=\/wp\/v2\/posts\/73853","targetHints":{"allow":["GET"]}}],"collection":[{"href":"https:\/\/formalprision.com\/index.php?rest_route=\/wp\/v2\/posts"}],"about":[{"href":"https:\/\/formalprision.com\/index.php?rest_route=\/wp\/v2\/types\/post"}],"author":[{"embeddable":true,"href":"https:\/\/formalprision.com\/index.php?rest_route=\/wp\/v2\/users\/1"}],"replies":[{"embeddable":true,"href":"https:\/\/formalprision.com\/index.php?rest_route=%2Fwp%2Fv2%2Fcomments&post=73853"}],"version-history":[{"count":0,"href":"https:\/\/formalprision.com\/index.php?rest_route=\/wp\/v2\/posts\/73853\/revisions"}],"wp:featuredmedia":[{"embeddable":true,"href":"https:\/\/formalprision.com\/index.php?rest_route=\/wp\/v2\/media\/73854"}],"wp:attachment":[{"href":"https:\/\/formalprision.com\/index.php?rest_route=%2Fwp%2Fv2%2Fmedia&parent=73853"}],"wp:term":[{"taxonomy":"category","embeddable":true,"href":"https:\/\/formalprision.com\/index.php?rest_route=%2Fwp%2Fv2%2Fcategories&post=73853"},{"taxonomy":"post_tag","embeddable":true,"href":"https:\/\/formalprision.com\/index.php?rest_route=%2Fwp%2Fv2%2Ftags&post=73853"}],"curies":[{"name":"wp","href":"https:\/\/api.w.org\/{rel}","templated":true}]}}