{"id":7392,"date":"2012-01-23T15:52:00","date_gmt":"2012-01-23T15:52:00","guid":{"rendered":"http:\/\/formalprision.info\/2012\/01\/23\/coincidencias-y-diferencias-entre-nerio\/"},"modified":"2015-06-03T08:53:52","modified_gmt":"2015-06-03T08:53:52","slug":"coincidencias-y-diferencias-entre-nerio","status":"publish","type":"post","link":"https:\/\/formalprision.com\/?p=7392","title":{"rendered":"Coincidencias y diferencias entre Nerio Torres y Ren\u00e1n Barrera"},"content":{"rendered":"<p><a href=\"http:\/\/2.bp.blogspot.com\/-5q5f0KtU4bs\/Tx0MpykTh_I\/AAAAAAAAFng\/ZFdqpvkV74w\/s1600\/aaapripanista.jpg\"><img decoding=\"async\" id=\"BLOGGER_PHOTO_ID_5700726615409133554\" style=\"FLOAT: left; MARGIN: 0px 10px 10px 0px; WIDTH: 320px; CURSOR: hand; HEIGHT: 240px\" alt=\"\" src=\"http:\/\/formalprision.com\/wp-content\/uploads\/2012\/01\/aaapripanista.jpg\" border=\"0\" \/><\/a><\/p>\n<div>Ren\u00e1n Barrera Concha y Nerio Torres Arcila, quienes competir\u00e1n por el PAN y el PRI por la alcald\u00eda de M\u00e9rida en las pr\u00f3ximas elecciones estatales, tienen algunas afinidades, como el hecho de que ambos son licenciados en Derecho, realizaron estudios en el extranjero y fueron regidores del Ayuntamiento de M\u00e9rida.<br \/>Ren\u00e1n Barrera cuenta con 32 a\u00f1os de edad y Nerio Torres con 36.<br \/>Entre las diferencias, adem\u00e1s de las ideol\u00f3gicas, figura una mayor presencia del pri\u00edsta en las redes sociales, como por ejemplo en Twitter, donde Nerio Torres ten\u00eda hasta esta ma\u00f1ana 7,495 seguidores y Ren\u00e1n Barrera apenas 2195.<\/div>\n<p><\/p>\n<div>Los datos m\u00e1s importantes de ambos son los siguientes:<\/div>\n<p><\/p>\n<div>El representante panista naci\u00f3 el 21 de febrero de 1979 en la ciudad de M\u00e9rida y vivi\u00f3 en las colonias Alem\u00e1n y San Esteban hasta el 2009.<br \/>Tiene un hermano mayor y dos menores.<br \/>En 1997 estudi\u00f3 un a\u00f1o, de intercambio en Chappell, Nebraska-<br \/>Curs\u00f3 la Licenciatura en Derecho en la Universidad del Mayab y tiene una especialidad en Administraci\u00f3n P\u00fablica.<br \/>Ha cursado seminarios y talleres sobre Pol\u00edticas P\u00fablicas, Administraci\u00f3n, Marketing Pol\u00edtico y Campa\u00f1as Electorales en la Universidad Complutense de Madrid, Espa\u00f1a en 2003. George Washington University en 2004 y en Santiago de Chile en 2008.<br \/>En 2007 inici\u00f3 su carrera pol\u00edtica como regidor del Ayuntamiento de M\u00e9rida. En 2010 compiti\u00f3 para diputado estatal y gan\u00f3.<br \/>Actualmente cursa la maestr\u00eda en Administraci\u00f3n P\u00fablica por la Universidad del Mayab.<\/p>\n<\/div>\n<p><\/p>\n<div>Nerio Jos\u00e9 Torres Arcila naci\u00f3 en M\u00e9rida el 19 de abril de 1975. Es hijo de Nerio Torres Ortiz, l\u00edder desde hace varios a\u00f1os de la agrupaci\u00f3n de taxistas FUTV.<br \/>Fue director general del Instituto de Seguridad Social de los Trabajadores del Estado de Yucat\u00e1n (Isstey) de 2009 a 2011. Fue regidor del ayuntamiento de M\u00e9rida, coordinador metropolitano y presidente estatal del PRI, adem\u00e1s de que fue regidor del Ayuntamiento de M\u00e9rida durante el periodo 2004 al 2007<br \/>Estudi\u00f3 la licenciatura en Derecho en la UADY y luego hizo un posgrado en estudios pol\u00edticos aplicados en la Fundaci\u00f3n Internacional para Iberoam\u00e9rica de Administraci\u00f3n Y pol\u00edticas P\u00fablicas en Madrid, Espa\u00f1a.<\/div>\n","protected":false},"excerpt":{"rendered":"<p>Ren\u00e1n Barrera Concha y Nerio Torres Arcila, quienes competir\u00e1n por el PAN y el PRI por la alcald\u00eda de M\u00e9rida en las pr\u00f3ximas elecciones estatales, tienen algunas afinidades, como el<\/p>\n","protected":false},"author":1,"featured_media":24869,"comment_status":"open","ping_status":"open","sticky":false,"template":"","format":"standard","meta":{"jetpack_post_was_ever_published":false,"_jetpack_newsletter_access":"","_jetpack_dont_email_post_to_subs":false,"_jetpack_newsletter_tier_id":0,"_jetpack_memberships_contains_paywalled_content":false,"_jetpack_memberships_contains_paid_content":false,"footnotes":"","jetpack_publicize_message":"","jetpack_publicize_feature_enabled":true,"jetpack_social_post_already_shared":false,"jetpack_social_options":{"image_generator_settings":{"template":"highway","default_image_id":0,"font":"","enabled":false},"version":2}},"categories":[50,3,1,49],"tags":[],"class_list":["post-7392","post","type-post","status-publish","format-standard","has-post-thumbnail","hentry","category-machines","category-portada","category-sin-categoria","category-tocho-morocho"],"jetpack_publicize_connections":[],"jetpack_featured_media_url":"https:\/\/formalprision.com\/wp-content\/uploads\/2012\/01\/aaapripanista.jpg","jetpack_sharing_enabled":true,"jetpack_shortlink":"https:\/\/wp.me\/p6id8p-1Ve","_links":{"self":[{"href":"https:\/\/formalprision.com\/index.php?rest_route=\/wp\/v2\/posts\/7392","targetHints":{"allow":["GET"]}}],"collection":[{"href":"https:\/\/formalprision.com\/index.php?rest_route=\/wp\/v2\/posts"}],"about":[{"href":"https:\/\/formalprision.com\/index.php?rest_route=\/wp\/v2\/types\/post"}],"author":[{"embeddable":true,"href":"https:\/\/formalprision.com\/index.php?rest_route=\/wp\/v2\/users\/1"}],"replies":[{"embeddable":true,"href":"https:\/\/formalprision.com\/index.php?rest_route=%2Fwp%2Fv2%2Fcomments&post=7392"}],"version-history":[{"count":0,"href":"https:\/\/formalprision.com\/index.php?rest_route=\/wp\/v2\/posts\/7392\/revisions"}],"wp:featuredmedia":[{"embeddable":true,"href":"https:\/\/formalprision.com\/index.php?rest_route=\/wp\/v2\/media\/24869"}],"wp:attachment":[{"href":"https:\/\/formalprision.com\/index.php?rest_route=%2Fwp%2Fv2%2Fmedia&parent=7392"}],"wp:term":[{"taxonomy":"category","embeddable":true,"href":"https:\/\/formalprision.com\/index.php?rest_route=%2Fwp%2Fv2%2Fcategories&post=7392"},{"taxonomy":"post_tag","embeddable":true,"href":"https:\/\/formalprision.com\/index.php?rest_route=%2Fwp%2Fv2%2Ftags&post=7392"}],"curies":[{"name":"wp","href":"https:\/\/api.w.org\/{rel}","templated":true}]}}