{"id":73947,"date":"2019-08-29T20:23:57","date_gmt":"2019-08-30T01:23:57","guid":{"rendered":"http:\/\/formalprision.com\/?p=73947"},"modified":"2019-08-29T21:42:57","modified_gmt":"2019-08-30T02:42:57","slug":"condenan-a-14-anos-de-prision-a-ex-futbolista-del-puebla-por-violar-a-su-ahijada","status":"publish","type":"post","link":"https:\/\/formalprision.com\/?p=73947","title":{"rendered":"Condenan a 14 a\u00f1os de prisi\u00f3n a ex futbolista del Puebla por violar a su ahijada"},"content":{"rendered":"\n<p>Numerosos portales de prensa de Argentina publicaron este mediod\u00eda que el conocido futbolista, quien jug\u00f3 en River, Boca, Puebla  y la selecci\u00f3n paraguaya, fue hallado culpable de violar a su ahijada desde que la menor (quien hoy tiene 13 a\u00f1os) ten\u00eda 5 hasta sus 11 a\u00f1os.<\/p>\n\n\n\n<p>Fabbro, quien fue extraditado desde M\u00e9xico en mayo de 2018, hab\u00eda negado las acusaciones en su contra en el marco del juicio al que se somete en Argentina. El futbolista tambi\u00e9n tiene una denuncia en Paraguay por el mismo delito, por la que se abri\u00f3 un expediente penal.<\/p>\n\n\n\n<p>Los abusos cometidos por el exjugador de la selecci\u00f3n nacional ocurrieron entre 2012 y 2016. Salieron a la luz cuando el hermano de la afectada descubri\u00f3 los mensajes que Fabbro le enviaba, que fueron pruebas fundamentales para determinar la culpabilidad del ahora condenado<\/p>\n\n\n\n<p>Seg\u00fan inform\u00f3 el diario Clar\u00edn, la nena confes\u00f3 que sufri\u00f3 \u00abtoqueteos, penetraciones y eyaculaciones por parte de quien era su padrino\u201d. El exfutbolista fue hallado autor material y penalmente responsable del delito de abuso sexual gravemente ultrajante contra su ahijada en al menos 5 ocasiones, expresa parte de la sentencia le\u00edda por el juez.<\/p>\n\n\n\n<p>El hermano de la afectada coment\u00f3 a los medios argentinos que mientras se desarrollaba el proceso contra el futbolista, tanto \u00e9l como su familia recibieron amenazas para que dejen de declarar. Cont\u00f3 que el jugador siempre se mantuvo con actitud soberbia, confiado en que la verdad no saldr\u00eda a la luz.<\/p>\n\n\n\n<p>Por su parte, la mam\u00e1 de la afectada declar\u00f3 que se hizo justicia y que ahora se va a dedicar a cuidar de su hija y tratar de que supere este trauma. \u00abMi hija es un ser maravilloso que tiene una fuerza incre\u00edble (\u2026) Aunque este tiempo fue muy duro, va a salir adelante\u201d, se\u00f1al\u00f3 entre l\u00e1grimas.<\/p>\n","protected":false},"excerpt":{"rendered":"<p>Numerosos portales de prensa de Argentina publicaron este mediod\u00eda que el conocido futbolista, quien jug\u00f3 en River, Boca, Puebla y la selecci\u00f3n paraguaya, fue hallado culpable de violar a su<\/p>\n","protected":false},"author":1,"featured_media":73948,"comment_status":"open","ping_status":"open","sticky":false,"template":"","format":"standard","meta":{"jetpack_post_was_ever_published":false,"_jetpack_newsletter_access":"","_jetpack_dont_email_post_to_subs":false,"_jetpack_newsletter_tier_id":0,"_jetpack_memberships_contains_paywalled_content":false,"_jetpack_memberships_contains_paid_content":false,"footnotes":"","jetpack_publicize_message":"","jetpack_publicize_feature_enabled":true,"jetpack_social_post_already_shared":true,"jetpack_social_options":{"image_generator_settings":{"template":"highway","default_image_id":0,"font":"","enabled":false},"version":2}},"categories":[4],"tags":[],"class_list":["post-73947","post","type-post","status-publish","format-standard","has-post-thumbnail","hentry","category-deportes"],"jetpack_publicize_connections":[],"jetpack_featured_media_url":"https:\/\/formalprision.com\/wp-content\/uploads\/2019\/08\/E9A86F11-6B86-4462-816E-FABA76527E8E.jpeg","jetpack_sharing_enabled":true,"jetpack_shortlink":"https:\/\/wp.me\/p6id8p-jeH","_links":{"self":[{"href":"https:\/\/formalprision.com\/index.php?rest_route=\/wp\/v2\/posts\/73947","targetHints":{"allow":["GET"]}}],"collection":[{"href":"https:\/\/formalprision.com\/index.php?rest_route=\/wp\/v2\/posts"}],"about":[{"href":"https:\/\/formalprision.com\/index.php?rest_route=\/wp\/v2\/types\/post"}],"author":[{"embeddable":true,"href":"https:\/\/formalprision.com\/index.php?rest_route=\/wp\/v2\/users\/1"}],"replies":[{"embeddable":true,"href":"https:\/\/formalprision.com\/index.php?rest_route=%2Fwp%2Fv2%2Fcomments&post=73947"}],"version-history":[{"count":0,"href":"https:\/\/formalprision.com\/index.php?rest_route=\/wp\/v2\/posts\/73947\/revisions"}],"wp:featuredmedia":[{"embeddable":true,"href":"https:\/\/formalprision.com\/index.php?rest_route=\/wp\/v2\/media\/73948"}],"wp:attachment":[{"href":"https:\/\/formalprision.com\/index.php?rest_route=%2Fwp%2Fv2%2Fmedia&parent=73947"}],"wp:term":[{"taxonomy":"category","embeddable":true,"href":"https:\/\/formalprision.com\/index.php?rest_route=%2Fwp%2Fv2%2Fcategories&post=73947"},{"taxonomy":"post_tag","embeddable":true,"href":"https:\/\/formalprision.com\/index.php?rest_route=%2Fwp%2Fv2%2Ftags&post=73947"}],"curies":[{"name":"wp","href":"https:\/\/api.w.org\/{rel}","templated":true}]}}