{"id":73950,"date":"2019-08-29T20:44:18","date_gmt":"2019-08-30T01:44:18","guid":{"rendered":"http:\/\/formalprision.com\/?p=73950"},"modified":"2019-08-29T20:44:20","modified_gmt":"2019-08-30T01:44:20","slug":"gobierno-del-estado-e-infonavit-firman-convenio-de-colaboracion","status":"publish","type":"post","link":"https:\/\/formalprision.com\/?p=73950","title":{"rendered":"Gobierno del Estado e Infonavit firman convenio de colaboraci\u00f3n"},"content":{"rendered":"\n<p>M\u00e9rida, Yucat\u00e1n, 29 de agosto de 2019.- El gobernador Mauricio Vila Dosal firm\u00f3 un convenio de colaboraci\u00f3n con Carlos Mart\u00ednez Vel\u00e1zquez, director general del Instituto del Fondo Nacional de la Vivienda para los Trabajadores (Infonavit), que traer\u00e1 diversos beneficios para los derechohabientes yucatecos al momento de adquirir una vivienda, pagarla y obtener las escrituras, contemplando dar certeza jur\u00eddica, facilitar tr\u00e1mites y servicios, flexibilizar e incrementar montos de cr\u00e9dito y brindar descuentos en los pagos de catastro, registro p\u00fablico y otros.<\/p>\n\n\n\n<p>En el marco de la entrega de 650 escrituras para habitantes del desarrollo habitacional Los H\u00e9roes, Vila Dosal se\u00f1al\u00f3 que la seguridad jur\u00eddica es importante para quienes han adquirido una casa en Yucat\u00e1n y esta firma de convenio es una muestra del trabajo coordinado entre el Gobierno federal, estatal y municipal.<\/p>\n\n\n\n<p>\u201cHay retos que tenemos que resolver juntos y de la mano y este convenio con el Infonavit viene a ayudar a los trabajadores que, por ejemplo, se quedan sin empleo y tienen problemas para pagar sus cr\u00e9ditos\u201d, se\u00f1al\u00f3 el gobernador.<\/p>\n\n\n\n<p>En este sentido, puntualiz\u00f3 que este convenio beneficiar\u00e1 directamente a las personas que se quedaron sin empleo y se ven imposibilitadas de pagar sus casas, por lo que, a trav\u00e9s de una bolsa de trabajo se les ofrecer\u00e1n opciones que les permitan conseguir un empleo pronto y as\u00ed puedan seguir aportando sus pagos, adem\u00e1s coment\u00f3 que se apoyar\u00e1 con descuentos y con la difusi\u00f3n de todos los otros beneficios que trae este convenio.<\/p>\n\n\n\n<p>Como una muestra m\u00e1s del apoyo para los trabajadores yucatecos, el gobernador indic\u00f3 que dentro de la estrategia Yucat\u00e1n Seguro se pens\u00f3 en el beneficio de los habitantes de fraccionamientos y de la zona metropolitana para evitar los delitos de robo a casa habitaci\u00f3n, para lo que se colocar\u00e1n m\u00e1s de 1,000 c\u00e1maras vecinales, de las cuales 44 corresponden a Los H\u00e9roes.<\/p>\n\n\n\n<p>\u00abSeguramente muchos se vinieron a vivir a M\u00e9rida por la calidad de vida y la seguridad y s\u00ed es cierto que Yucat\u00e1n es el estado m\u00e1s seguro de todo el pa\u00eds y se puede comparar con ciudades de Europa, pero hay retos que enfrentar\u00bb, asever\u00f3.<\/p>\n\n\n\n<p>Adem\u00e1s, con la puesta en marcha de la Polic\u00eda Metropolitana, con m\u00e1s de 300 nuevos agentes de polic\u00eda y con 75 nuevas patrullas ser\u00e1 posible enfrentar estos retos mediante la vigilancia permanente en los municipios de esta zona y fraccionamientos como Ciudad Caucel, Las Am\u00e9ricas, Tixcacal Opich\u00e9n, entre otros, mencion\u00f3 Vila Dosal.<\/p>\n\n\n\n<p>Asimismo, record\u00f3 la inversi\u00f3n de m\u00e1s de 2,600 millones de pesos para Yucat\u00e1n Seguro, con el cual se busca reforzar la seguridad en las calles de cada municipio, colonia y casa en el estado y contempla 3,527 nuevas c\u00e1maras de vigilancia para hacer un total de 5,775 y 1,000 nuevas c\u00e1maras vecinales adicionales, 119 arcos carreteros, 6 drones de alta tecnolog\u00eda y un avi\u00f3n especializado en vigilancia, sem\u00e1foros inteligentes, 50 postes de voceo p\u00fablico con bot\u00f3n de p\u00e1nico y 4 embarcaciones especializadas para proteger la costa, ya que es la mejor manera de procurar por la paz y la tranquilidad de todos los yucatecos.<\/p>\n\n\n\n<p>De igual forma se pasar\u00e1 de tener un Centro de Monitoreo Estatal C4 a un Sistema Estatal de Coordinaci\u00f3n, Comando, Control, Comunicaciones, C\u00f3mputo e Inteligencia (C5i), para contar con la m\u00e1s moderna tecnolog\u00eda para garantizar una mejor coordinaci\u00f3n y una pronta respuesta de la polic\u00eda, asever\u00f3 Vila Dosal.<\/p>\n\n\n\n<p>Al mencionar los beneficios que trae consigo el tener altos niveles de seguridad en el estado, el Gobernador mencion\u00f3 que en estos primeros 11 meses ya se anunciaron 40,000 millones de pesos en nuevas inversiones, lo que generar\u00e1 m\u00e1s de 30,000 nuevos empleos que van a estar mejor pagados.<\/p>\n\n\n\n<p>Finalmente, Vila Dosal invit\u00f3 a los habitantes de Los H\u00e9roes y a todos los yucatecos en general a ser buenos vecinos, contribuyendo a velar por la seguridad en sus colonias y fraccionamientos y generando acciones en favor del medio ambiente.<\/p>\n\n\n\n<p>\u201cPara eso tenemos que ver c\u00f3mo queremos estar en 10 a\u00f1os y en 20 a\u00f1os. Pensar en el legado que queremos dejarles a nuestros hijos y que ellos puedan caminar tranquilamente por cualquier lugar de Yucat\u00e1n con la misma tranquilidad que nosotros lo hacemos\u201d, finaliz\u00f3 el gobernador.<\/p>\n\n\n\n<p>Por su parte, Carlos Mart\u00ednez Vel\u00e1zquez, director general del Infonavit, destac\u00f3 que se est\u00e1 trabajando de la mano del presidente Andr\u00e9s Manuel L\u00f3pez Obrador y del gobernador para devolverle su esencia social al instituto.<\/p>\n\n\n\n<p>\u201cEn el Infonavit, los intereses de los desarrolladores nunca m\u00e1s estar\u00e1n por encima de los trabajadores de M\u00e9xico y de Yucat\u00e1n\u201d, asever\u00f3 Mart\u00ednez Vel\u00e1zquez.<\/p>\n\n\n\n<p>De igual manera, el director del Infonavit hizo hincapi\u00e9 en que se est\u00e1n flexibilizando las reglas para otorgar cr\u00e9ditos para que se adapten a la realidad de los trabajadores y se est\u00e1n incrementando los montos m\u00e1ximos del cr\u00e9dito que se otorga a quienes ganan hasta 7,000 pesos.<\/p>\n\n\n\n<p>Adem\u00e1s, se trabaja en los cambios de cr\u00e9ditos de salarios m\u00ednimos a pesos, otorgando descuentos al saldo con un esquema de pago y tasa fija a trav\u00e9s del programa de Responsabilidad Compartida. A la fecha 50,000 acreditados ya recibieron los beneficios del programa en el pa\u00eds, de los cuales, m\u00e1s 2,000 son yucatecos, se\u00f1al\u00f3.<\/p>\n\n\n\n<p>Rogerio Castro V\u00e1zquez, secretario general del Infonavit, agradeci\u00f3 la disposici\u00f3n que ha tenido el gobernador en apoyar este convenio que comprende acciones conjuntas en beneficio de los trabajadores yucatecos.<\/p>\n\n\n\n<p>Asimismo, puntualiz\u00f3 que este convenio se ha firmado en 17 estados de la Rep\u00fablica Mexicana y en Yucat\u00e1n se dar\u00e1 seguridad patrimonial a m\u00e1s de 7,000 yucatecos que tienen cr\u00e9ditos impagables y otros 46,000 que est\u00e1n en cartera vencida, al tiempo que se impulsar\u00e1 la compra de viviendas en el interior del estado.<\/p>\n\n\n\n<p>Al respecto, Enrique Vainer Girs, director general de Grupo Sadasi, mencion\u00f3 que en 15 a\u00f1os en Yucat\u00e1n ya son m\u00e1s de 26,000 casas construidas y con las m\u00e1s de 600 escrituras entregadas este d\u00eda en Los H\u00e9roes, se fortalece el compromiso de seguir invirtiendo, para continuar con la generaci\u00f3n de empleos y apoyar en el crecimiento del estado.<\/p>\n\n\n\n<p>En la firma de convenio estuvieron presentes Eduardo Ancona C\u00e1mara, presidente de la C\u00e1mara Nacional de la Industria de Desarrollo y Promoci\u00f3n de Vivienda (Canadevi), delegaci\u00f3n Yucat\u00e1n; Rogerio Castro V\u00e1zquez, secretario general del Infonavit; Leandro L\u00f3pez Arceo, director sureste de grupo Sadasi; Carlos Vi\u00f1as Heredia, director general del Instituto de Vivienda del Estado de Yucat\u00e1n (IVEY) y el diputado Luis Loeza Pacheco.<\/p>\n","protected":false},"excerpt":{"rendered":"<p>M\u00e9rida, Yucat\u00e1n, 29 de agosto de 2019.- El gobernador Mauricio Vila Dosal firm\u00f3 un convenio de colaboraci\u00f3n con Carlos Mart\u00ednez Vel\u00e1zquez, director general del Instituto del Fondo Nacional de la<\/p>\n","protected":false},"author":1,"featured_media":73951,"comment_status":"open","ping_status":"open","sticky":false,"template":"","format":"standard","meta":{"jetpack_post_was_ever_published":false,"_jetpack_newsletter_access":"","_jetpack_dont_email_post_to_subs":false,"_jetpack_newsletter_tier_id":0,"_jetpack_memberships_contains_paywalled_content":false,"_jetpack_memberships_contains_paid_content":false,"footnotes":"","jetpack_publicize_message":"","jetpack_publicize_feature_enabled":true,"jetpack_social_post_already_shared":true,"jetpack_social_options":{"image_generator_settings":{"template":"highway","default_image_id":0,"font":"","enabled":false},"version":2}},"categories":[17],"tags":[],"class_list":["post-73950","post","type-post","status-publish","format-standard","has-post-thumbnail","hentry","category-politica-y-gobierno"],"jetpack_publicize_connections":[],"jetpack_featured_media_url":"https:\/\/formalprision.com\/wp-content\/uploads\/2019\/08\/IMG_5026.jpg","jetpack_sharing_enabled":true,"jetpack_shortlink":"https:\/\/wp.me\/p6id8p-jeK","_links":{"self":[{"href":"https:\/\/formalprision.com\/index.php?rest_route=\/wp\/v2\/posts\/73950","targetHints":{"allow":["GET"]}}],"collection":[{"href":"https:\/\/formalprision.com\/index.php?rest_route=\/wp\/v2\/posts"}],"about":[{"href":"https:\/\/formalprision.com\/index.php?rest_route=\/wp\/v2\/types\/post"}],"author":[{"embeddable":true,"href":"https:\/\/formalprision.com\/index.php?rest_route=\/wp\/v2\/users\/1"}],"replies":[{"embeddable":true,"href":"https:\/\/formalprision.com\/index.php?rest_route=%2Fwp%2Fv2%2Fcomments&post=73950"}],"version-history":[{"count":0,"href":"https:\/\/formalprision.com\/index.php?rest_route=\/wp\/v2\/posts\/73950\/revisions"}],"wp:featuredmedia":[{"embeddable":true,"href":"https:\/\/formalprision.com\/index.php?rest_route=\/wp\/v2\/media\/73951"}],"wp:attachment":[{"href":"https:\/\/formalprision.com\/index.php?rest_route=%2Fwp%2Fv2%2Fmedia&parent=73950"}],"wp:term":[{"taxonomy":"category","embeddable":true,"href":"https:\/\/formalprision.com\/index.php?rest_route=%2Fwp%2Fv2%2Fcategories&post=73950"},{"taxonomy":"post_tag","embeddable":true,"href":"https:\/\/formalprision.com\/index.php?rest_route=%2Fwp%2Fv2%2Ftags&post=73950"}],"curies":[{"name":"wp","href":"https:\/\/api.w.org\/{rel}","templated":true}]}}