{"id":7396,"date":"2012-01-22T01:31:00","date_gmt":"2012-01-22T01:31:00","guid":{"rendered":"http:\/\/formalprision.info\/2012\/01\/22\/asesinan-un-hombre-en-un-taxi-en-ciudad\/"},"modified":"2015-06-03T08:53:53","modified_gmt":"2015-06-03T08:53:53","slug":"asesinan-un-hombre-en-un-taxi-en-ciudad","status":"publish","type":"post","link":"https:\/\/formalprision.com\/?p=7396","title":{"rendered":"Asesinan a un hombre en un taxi en Ciudad Caucel"},"content":{"rendered":"<p><a href=\"http:\/\/3.bp.blogspot.com\/-l_KKd-D7p1I\/TxtnlC-Vn-I\/AAAAAAAAFmw\/s0ozK5eU1RA\/s1600\/aaaaescudo%2Bde%2Bla%2Bfiscalia.jpg\"><img decoding=\"async\" id=\"BLOGGER_PHOTO_ID_5700263639518650338\" style=\"FLOAT: left; MARGIN: 0px 10px 10px 0px; WIDTH: 320px; CURSOR: hand; HEIGHT: 318px\" alt=\"\" src=\"http:\/\/formalprision.com\/wp-content\/uploads\/2012\/01\/aaaaescudo-de-la-fiscalia6.jpg\" border=\"0\" \/><\/a><\/p>\n<div>La Fiscal\u00eda General del Estado y la Secretar\u00eda de Seguridad P\u00fablica informan que trabajan de manera conjunta en la investigaci\u00f3n por la muerte de un hombre cuyo cuerpo se encontraba en el interior de un autom\u00f3vil estacionado en la calle 49 por 60-B del fraccionamiento La Herradura, en Ciudad Caucel.<br \/>Ayer por la tarde en el n\u00famero de emergencias 066 se recibi\u00f3 una llamada indicando que en dicha direcci\u00f3n estaba un Nissan Tsuru de color naranja, con placas de circulaci\u00f3n 4439-YSB, n\u00famero econ\u00f3mico 081, del servicio de taxis de la UTI, y que en el asiento trasero hab\u00eda una persona al parecer sin vida.<br \/>Elementos de la Polic\u00eda Estatal llegaron para resguardar el \u00e1rea en tanto que Polic\u00edas Ministeriales y personal del Servicio M\u00e9dico Forense de la Fiscal\u00eda General del Estado confirmaron el deceso del individuo, realizaron las diligencias de Ley y posteriormente se estableci\u00f3 que la causa de la muerte fue asfixia por estrangulamiento.<\/div>\n<p><\/p>\n<div>La persona respond\u00eda al nombre de Jos\u00e9 Jes\u00fas V\u00e1zquez P\u00e9rez, de 42 a\u00f1os de edad.<\/div>\n","protected":false},"excerpt":{"rendered":"<p>La Fiscal\u00eda General del Estado y la Secretar\u00eda de Seguridad P\u00fablica informan que trabajan de manera conjunta en la investigaci\u00f3n por la muerte de un hombre cuyo cuerpo se encontraba<\/p>\n","protected":false},"author":1,"featured_media":24877,"comment_status":"open","ping_status":"open","sticky":false,"template":"","format":"standard","meta":{"jetpack_post_was_ever_published":false,"_jetpack_newsletter_access":"","_jetpack_dont_email_post_to_subs":false,"_jetpack_newsletter_tier_id":0,"_jetpack_memberships_contains_paywalled_content":false,"_jetpack_memberships_contains_paid_content":false,"footnotes":"","jetpack_publicize_message":"","jetpack_publicize_feature_enabled":true,"jetpack_social_post_already_shared":false,"jetpack_social_options":{"image_generator_settings":{"template":"highway","default_image_id":0,"font":"","enabled":false},"version":2}},"categories":[59,3,1],"tags":[],"class_list":["post-7396","post","type-post","status-publish","format-standard","has-post-thumbnail","hentry","category-asesinos","category-portada","category-sin-categoria"],"jetpack_publicize_connections":[],"jetpack_featured_media_url":"https:\/\/formalprision.com\/wp-content\/uploads\/2012\/01\/aaaaescudo-de-la-fiscalia6.jpg","jetpack_sharing_enabled":true,"jetpack_shortlink":"https:\/\/wp.me\/p6id8p-1Vi","_links":{"self":[{"href":"https:\/\/formalprision.com\/index.php?rest_route=\/wp\/v2\/posts\/7396","targetHints":{"allow":["GET"]}}],"collection":[{"href":"https:\/\/formalprision.com\/index.php?rest_route=\/wp\/v2\/posts"}],"about":[{"href":"https:\/\/formalprision.com\/index.php?rest_route=\/wp\/v2\/types\/post"}],"author":[{"embeddable":true,"href":"https:\/\/formalprision.com\/index.php?rest_route=\/wp\/v2\/users\/1"}],"replies":[{"embeddable":true,"href":"https:\/\/formalprision.com\/index.php?rest_route=%2Fwp%2Fv2%2Fcomments&post=7396"}],"version-history":[{"count":0,"href":"https:\/\/formalprision.com\/index.php?rest_route=\/wp\/v2\/posts\/7396\/revisions"}],"wp:featuredmedia":[{"embeddable":true,"href":"https:\/\/formalprision.com\/index.php?rest_route=\/wp\/v2\/media\/24877"}],"wp:attachment":[{"href":"https:\/\/formalprision.com\/index.php?rest_route=%2Fwp%2Fv2%2Fmedia&parent=7396"}],"wp:term":[{"taxonomy":"category","embeddable":true,"href":"https:\/\/formalprision.com\/index.php?rest_route=%2Fwp%2Fv2%2Fcategories&post=7396"},{"taxonomy":"post_tag","embeddable":true,"href":"https:\/\/formalprision.com\/index.php?rest_route=%2Fwp%2Fv2%2Ftags&post=7396"}],"curies":[{"name":"wp","href":"https:\/\/api.w.org\/{rel}","templated":true}]}}